{"id":812,"date":"2016-03-05T12:27:27","date_gmt":"2016-03-05T12:27:27","guid":{"rendered":"http:\/\/www.pts.org.pl\/?p=812"},"modified":"2016-04-06T12:27:38","modified_gmt":"2016-04-06T12:27:38","slug":"vii-ogolnopolska-konferencja-metodologiczna-medioznawcow-memy-czyli-zycie-spoleczne-w-czasach-kultury-obrazu","status":"publish","type":"post","link":"https:\/\/pts.org.pl\/en\/vii-ogolnopolska-konferencja-metodologiczna-medioznawcow-memy-czyli-zycie-spoleczne-w-czasach-kultury-obrazu\/","title":{"rendered":"(Polski) VII Og\u00f3lnopolska Konferencja Metodologiczna Medioznawc\u00f3w: Memy, czyli \u017cycie spo\u0142eczne w czasach kultury obrazu"},"content":{"rendered":"<p class=\"qtranxs-available-languages-message qtranxs-available-languages-message-en\">Sorry, this entry is only available in <a href=\"https:\/\/pts.org.pl\/pl\/wp-json\/wp\/v2\/posts\/812\" class=\"qtranxs-available-language-link qtranxs-available-language-link-pl\" title=\"Polski\">Polish<\/a>.<\/p>","protected":false},"excerpt":{"rendered":"<p>Sorry, this entry is only available in Polish.<\/p>\n","protected":false},"author":7,"featured_media":0,"comment_status":"open","ping_status":"open","sticky":false,"template":"","format":"standard","meta":[],"categories":[],"tags":[],"_links":{"self":[{"href":"https:\/\/pts.org.pl\/en\/wp-json\/wp\/v2\/posts\/812"}],"collection":[{"href":"https:\/\/pts.org.pl\/en\/wp-json\/wp\/v2\/posts"}],"about":[{"href":"https:\/\/pts.org.pl\/en\/wp-json\/wp\/v2\/types\/post"}],"author":[{"embeddable":true,"href":"https:\/\/pts.org.pl\/en\/wp-json\/wp\/v2\/users\/7"}],"replies":[{"embeddable":true,"href":"https:\/\/pts.org.pl\/en\/wp-json\/wp\/v2\/comments?post=812"}],"version-history":[{"count":1,"href":"https:\/\/pts.org.pl\/en\/wp-json\/wp\/v2\/posts\/812\/revisions"}],"predecessor-version":[{"id":814,"href":"https:\/\/pts.org.pl\/en\/wp-json\/wp\/v2\/posts\/812\/revisions\/814"}],"wp:attachment":[{"href":"https:\/\/pts.org.pl\/en\/wp-json\/wp\/v2\/media?parent=812"}],"wp:term":[{"taxonomy":"category","embeddable":true,"href":"https:\/\/pts.org.pl\/en\/wp-json\/wp\/v2\/categories?post=812"},{"taxonomy":"post_tag","embeddable":true,"href":"https:\/\/pts.org.pl\/en\/wp-json\/wp\/v2\/tags?post=812"}],"curies":[{"name":"wp","href":"https:\/\/api.w.org\/{rel}","templated":true}]}}