{"id":8025,"date":"2026-04-21T09:37:59","date_gmt":"2026-04-21T09:37:59","guid":{"rendered":"https:\/\/pts.org.pl\/?p=8025"},"modified":"2026-04-21T09:38:00","modified_gmt":"2026-04-21T09:38:00","slug":"laur-spoleczny-miasta-katowice","status":"publish","type":"post","link":"https:\/\/pts.org.pl\/en\/laur-spoleczny-miasta-katowice\/","title":{"rendered":"Laur spo\u0142eczny miasta Katowice"},"content":{"rendered":"<div class=\"fcbkbttn_buttons_block\" id=\"fcbkbttn_left\"><div class=\"fcbkbttn_button\">\n                            <a href=\"https:\/\/www.facebook.com\/\" target=\"_blank\">\n                                <img src=\"https:\/\/pts.org.pl\/wp-content\/plugins\/facebook-button-plugin\/images\/standard-facebook-ico.png\" alt=\"Fb-Button\" \/>\n                            <\/a>\n                        <\/div><div class=\"fcbkbttn_like \"><fb:like href=\"https:\/\/pts.org.pl\/en\/laur-spoleczny-miasta-katowice\/\" action=\"like\" colorscheme=\"light\" layout=\"button_count\"  size=\"small\"><\/fb:like><\/div><\/div>\n<p>Szanowni Pa\u0144stwo, <\/p>\n\n\n\n<p>Mi\u0142o mi poinformowa\u0107, \u017ce 15.04.2026r. w Domu Kultury na o\u015b. Witosa w Katowicach odby\u0142a si\u0119 gala wr\u0119czania nagr\u00f3d za dzia\u0142alno\u015b\u0107 spo\u0142eczn\u0105 dla organizacji pozarz\u0105dowych. Zostali\u015bmy wyr\u00f3\u017cnieni nominacj\u0105 w kategorii Laur Spo\u0142eczny. Mog\u0142oby si\u0119 wydawa\u0107, \u017ce nasza dzia\u0142alno\u015b\u0107 ogranicza si\u0119 do naukowych spotka\u0144 kierowanych g\u0142\u00f3wnie do grona naukowc\u00f3w, ale jest to nieprawda. Od lat wychodz\u0105c poza mury uczelni staramy si\u0119 przyci\u0105ga\u0107 spo\u0142eczno\u015b\u0107 lokaln\u0105, ludzi zainteresowanych socjologicznym spojrzeniem na prze\u017cywane przez nas procesy spo\u0142eczne. Byli\u015bmy jedyn\u0105 organizacj\u0105 naukow\u0105 w tym gronie. My\u015bl\u0119, \u017ce to nie przypadek, lecz dobry kierunek. Bo nauka to kompas i ku\u017ania zmiany, rozumienia i wzrastania. Jeste\u015bmy dumni, \u017ce mogli\u015bmy tam wczoraj by\u0107 i odebra\u0107 t\u0119 wyr\u00f3\u017cniaj\u0105c\u0105 bo czyni\u0105c\u0105 nas widocznymi nominacj\u0119. Dzi\u0119kujemy w\u0142adzom miasta Katowic za zaproszenie na t\u0119 uroczysto\u015b\u0107 i bycie w\u015br\u00f3d ludzi, kt\u00f3rzy tak dobrze rozumiej\u0105 czym jest oddolne i altruistyczne dzia\u0142anie spo\u0142eczne. Obecno\u015b\u0107 m\u0142odzie\u017cy wnios\u0142a ogromn\u0105 nadziej\u0119 i spok\u00f3j o przysz\u0142o\u015b\u0107. Gratulujemy wszystkim wyr\u00f3\u017cnionym i laureatom. Zas\u0142u\u017cyli\u015bcie. Dzi\u0119kujemy Miasto Obywatelskie za zg\u0142oszenie nas do tej wa\u017cnej nagrody.<\/p>\n\n\n\n<p>Przewodnicz\u0105ca Oddzia\u0142u Katowickiego PTS <\/p>\n\n\n\n<p>Daniela Dzienniak-Pulina<\/p>\n\n\n\n<p>link do wpisu na Facebooku: <\/p>\n\n\n\n<p><a href=\"https:\/\/www.facebook.com\/permalink.php?story_fbid=pfbid0oGpzhb9A5SjCaVCFSUoeSg6c5CrE7DyFbszUuaN555DHpwQYru1HJmYXofq6oVrel&amp;id=100064729987364\">https:\/\/www.facebook.com\/permalink.php?story_fbid=pfbid0oGpzhb9A5SjCaVCFSUoeSg6c5CrE7DyFbszUuaN555DHpwQYru1HJmYXofq6oVrel&amp;id=100064729987364<\/a><\/p>\n","protected":false},"excerpt":{"rendered":"<p>Szanowni Pa\u0144stwo, Mi\u0142o mi poinformowa\u0107, \u017ce 15.04.2026r. w Domu Kultury na o\u015b. Witosa w Katowicach odby\u0142a si\u0119 gala wr\u0119czania nagr\u00f3d za dzia\u0142alno\u015b\u0107 spo\u0142eczn\u0105 dla organizacji pozarz\u0105dowych. Zostali\u015bmy wyr\u00f3\u017cnieni nominacj\u0105 w kategorii Laur Spo\u0142eczny. Mog\u0142oby si\u0119 wydawa\u0107, \u017ce nasza dzia\u0142alno\u015b\u0107 ogranicza si\u0119 do naukowych spotka\u0144 kierowanych g\u0142\u00f3wnie do grona naukowc\u00f3w, ale jest to nieprawda. Od lat [&hellip;]<\/p>\n","protected":false},"author":111269,"featured_media":0,"comment_status":"open","ping_status":"open","sticky":false,"template":"","format":"standard","meta":[],"categories":[],"tags":[],"_links":{"self":[{"href":"https:\/\/pts.org.pl\/en\/wp-json\/wp\/v2\/posts\/8025"}],"collection":[{"href":"https:\/\/pts.org.pl\/en\/wp-json\/wp\/v2\/posts"}],"about":[{"href":"https:\/\/pts.org.pl\/en\/wp-json\/wp\/v2\/types\/post"}],"author":[{"embeddable":true,"href":"https:\/\/pts.org.pl\/en\/wp-json\/wp\/v2\/users\/111269"}],"replies":[{"embeddable":true,"href":"https:\/\/pts.org.pl\/en\/wp-json\/wp\/v2\/comments?post=8025"}],"version-history":[{"count":1,"href":"https:\/\/pts.org.pl\/en\/wp-json\/wp\/v2\/posts\/8025\/revisions"}],"predecessor-version":[{"id":8026,"href":"https:\/\/pts.org.pl\/en\/wp-json\/wp\/v2\/posts\/8025\/revisions\/8026"}],"wp:attachment":[{"href":"https:\/\/pts.org.pl\/en\/wp-json\/wp\/v2\/media?parent=8025"}],"wp:term":[{"taxonomy":"category","embeddable":true,"href":"https:\/\/pts.org.pl\/en\/wp-json\/wp\/v2\/categories?post=8025"},{"taxonomy":"post_tag","embeddable":true,"href":"https:\/\/pts.org.pl\/en\/wp-json\/wp\/v2\/tags?post=8025"}],"curies":[{"name":"wp","href":"https:\/\/api.w.org\/{rel}","templated":true}]}}