{"id":8022,"date":"2026-04-20T07:36:33","date_gmt":"2026-04-20T07:36:33","guid":{"rendered":"https:\/\/pts.org.pl\/?p=8022"},"modified":"2026-04-20T07:36:34","modified_gmt":"2026-04-20T07:36:34","slug":"zaproszenie-do-wolontariatu-w-czasie-17th-european-sociological-association-conference-2026","status":"publish","type":"post","link":"https:\/\/pts.org.pl\/en\/zaproszenie-do-wolontariatu-w-czasie-17th-european-sociological-association-conference-2026\/","title":{"rendered":"Zaproszenie do wolontariatu w czasie 17th European Sociological Association Conference 2026"},"content":{"rendered":"<div class=\"fcbkbttn_buttons_block\" id=\"fcbkbttn_left\"><div class=\"fcbkbttn_button\">\n                            <a href=\"https:\/\/www.facebook.com\/\" target=\"_blank\">\n                                <img src=\"https:\/\/pts.org.pl\/wp-content\/plugins\/facebook-button-plugin\/images\/standard-facebook-ico.png\" alt=\"Fb-Button\" \/>\n                            <\/a>\n                        <\/div><div class=\"fcbkbttn_like \"><fb:like href=\"https:\/\/pts.org.pl\/en\/zaproszenie-do-wolontariatu-w-czasie-17th-european-sociological-association-conference-2026\/\" action=\"like\" colorscheme=\"light\" layout=\"button_count\"  size=\"small\"><\/fb:like><\/div><\/div>\n<figure class=\"wp-block-image size-full\"><img loading=\"lazy\" width=\"945\" height=\"380\" src=\"https:\/\/pts.org.pl\/wp-content\/uploads\/2026\/04\/obraz.png\" alt=\"\" class=\"wp-image-8023\" srcset=\"https:\/\/pts.org.pl\/wp-content\/uploads\/2026\/04\/obraz.png 945w, https:\/\/pts.org.pl\/wp-content\/uploads\/2026\/04\/obraz-300x121.png 300w, https:\/\/pts.org.pl\/wp-content\/uploads\/2026\/04\/obraz-768x309.png 768w\" sizes=\"(max-width: 945px) 100vw, 945px\" \/><\/figure>\n\n\n\n<p class=\"has-text-align-center\"><strong>Zaproszenie do wolontariatu w czasie<\/strong><\/p>\n\n\n\n<p class=\"has-text-align-center\"><strong>17th European Sociological Association Conference 2026 pt. Strengthening Democracies: Social Action, Solidarity, and Sustainable Future, <\/strong><strong><\/strong><\/p>\n\n\n\n<p class=\"has-text-align-center\"><strong>25-28.08.2026, Warszawa<\/strong><\/p>\n\n\n\n<p>Zapraszamy student\u00f3w z warszawskich uczelni, kt\u00f3rzy chcieliby w\u0142\u0105czy\u0107 si\u0119 w organizacj\u0119 najwi\u0119kszej socjologicznej konferencji w Europie.<\/p>\n\n\n\n<p>European Sociological Association (ESA)\u00a0 jest jedn\u0105 z czo\u0142owych europejskich organizacji naukowych, od ponad 30 lat wspieraj\u0105c\u0105 rozw\u00f3j bada\u0144 socjologicznych oraz spo\u0142eczno\u015b\u0107 naukow\u0105 na ca\u0142ym kontynencie. Odbywaj\u0105ce si\u0119 co dwa lata konferencje ESA gromadz\u0105 wyj\u0105tkow\u0105 mi\u0119dzynarodow\u0105 spo\u0142eczno\u015b\u0107, aby dyskutowa\u0107 o najwa\u017cniejszych wyzwaniach spo\u0142ecznych, wspiera\u0107 wsp\u00f3\u0142prac\u0119 oraz prezentowa\u0107 najnowsze osi\u0105gni\u0119cia badawcze. W sierpniu, w Warszawie, spotka si\u0119 ponad 3000 uczestnik\u00f3w z ca\u0142ej Europy i \u015bwiata, reprezentuj\u0105cych uniwersytety, instytucje publiczne, organizacje pozarz\u0105dowe, o\u015brodki badawcze, fundacje oraz instytucje dzia\u0142aj\u0105ce na rzecz nauk spo\u0142ecznych, polityk publicznych i innowacji spo\u0142ecznych<\/p>\n\n\n\n<p>Je\u015bli:<\/p>\n\n\n\n<ul><li>znasz angielski i polski na poziomie min. B2<\/li><li>chcesz spotka\u0107 ludzi z r\u00f3\u017cnych kraj\u00f3w i dowiedzie\u0107 si\u0119, co zmienia si\u0119 dzi\u015b w spo\u0142ecze\u0144stwie<\/li><li>chcesz zobaczy\u0107 na \u017cywo autor\u00f3w ksi\u0105\u017cek, z kt\u00f3rych uczysz si\u0119 na zaj\u0119ciach<\/li><li>zdoby\u0107 nowe do\u015bwiadczenia i rozwin\u0105\u0107 kompetencje<\/li><\/ul>\n\n\n\n<p>Do\u0142\u0105cz do grupy wolontariuszy w czasie konferencji ESA!<\/p>\n\n\n\n<p>Co oferujemy:<\/p>\n\n\n\n<ul><li>umow\u0119 wolontariack\u0105 (i ewentualn\u0105 mo\u017cliwo\u015b\u0107 zaliczenia praktyk zawodowych)<\/li><li>szkolenia z zakresu pierwszej pomocy, reagowania w sytuacjach kryzysowych, komunikacji mi\u0119dzykulturowej<\/li><li>lunch w czasie konferencji<\/li><li>mo\u017cliwo\u015b\u0107 wsp\u00f3\u0142pracy w zr\u00f3\u017cnicowanym i dynamicznym zespole<\/li><li>udzia\u0142 w Konferencji jako s\u0142uchacz, ale bez mo\u017cliwo\u015bci wyg\u0142aszania referatu<\/li><li>certyfikat potwierdzaj\u0105cy odbycie wolontariatu, po jego zako\u0144czeniu i wywi\u0105zaniu si\u0119 z obowi\u0105zk\u00f3w<\/li><\/ul>\n\n\n\n<p>Czego oczekujemy:<\/p>\n\n\n\n<ul><li>znajomo\u015bci j\u0119zyka angielskiego i polskiego na poziomie min. B2 (znajomo\u015b\u0107 innych j\u0119zyk\u00f3w mile widziana)<\/li><li>udzia\u0142u we wszystkich szkoleniach i spotkaniach organizacyjnych<\/li><li>zaanga\u017cowania i terminowego wywi\u0105zywania si\u0119 ze zobowi\u0105za\u0144 zgodnie z zawart\u0105 umow\u0105<\/li><li>wsp\u00f3\u0142pracy w ramach wybranego przez Ciebie zespo\u0142u<\/li><\/ul>\n\n\n\n<p>Ty wybierasz, co chcesz robi\u0107 i ile czasu chcesz po\u015bwi\u0119ci\u0107<\/p>\n\n\n\n<p>Pe\u0142ny program wolontariatu obejmuje: :<\/p>\n\n\n\n<ul><li>okres przygotowawczy: cztery spotkania w czasie letniego semestru (zapoznanie si\u0119 z ide\u0105 konferencji oraz szkolenia)<\/li><li>pomoc w przygotowaniach do konferencji (zgodnie z ustalonym indywidualnie harmonogramem)<\/li><li>obecno\u015b\u0107 i pomoc w czasie konferencji (zgodnie z zadeklarowan\u0105 dyspozycyjno\u015bci\u0105, w godzinach ustalonych dy\u017cur\u00f3w)<\/li><li>pomoc po zako\u0144czeniu konferencji (zgodnie z indywidualnie ustalonym planem)<\/li><\/ul>\n\n\n\n<p>Miejsca obrad: Torwar, SGGW, PKiN, UW<\/p>\n\n\n\n<p>Je\u015bli masz pytania, napisz: &nbsp;<a href=\"mailto:esa2026@europeansociology.org\">esa2026@europeansociology.org<\/a><\/p>\n\n\n\n<p>Je\u015bli ju\u017c wiesz, \u017ce chcesz do\u0142\u0105czy\u0107, wype\u0142nij formularz: <a href=\"https:\/\/forms.gle\/Tw3TDjeUpFo9dUru6\">https:\/\/forms.gle\/Tw3TDjeUpFo9dUru6<\/a><\/p>\n","protected":false},"excerpt":{"rendered":"<p>Zaproszenie do wolontariatu w czasie 17th European Sociological Association Conference 2026 pt. Strengthening Democracies: Social Action, Solidarity, and Sustainable Future, 25-28.08.2026, Warszawa Zapraszamy student\u00f3w z warszawskich uczelni, kt\u00f3rzy chcieliby w\u0142\u0105czy\u0107 si\u0119 w organizacj\u0119 najwi\u0119kszej socjologicznej konferencji w Europie. European Sociological Association (ESA)\u00a0 jest jedn\u0105 z czo\u0142owych europejskich organizacji naukowych, od ponad 30 lat wspieraj\u0105c\u0105 rozw\u00f3j [&hellip;]<\/p>\n","protected":false},"author":111269,"featured_media":0,"comment_status":"open","ping_status":"open","sticky":false,"template":"","format":"standard","meta":[],"categories":[],"tags":[],"_links":{"self":[{"href":"https:\/\/pts.org.pl\/en\/wp-json\/wp\/v2\/posts\/8022"}],"collection":[{"href":"https:\/\/pts.org.pl\/en\/wp-json\/wp\/v2\/posts"}],"about":[{"href":"https:\/\/pts.org.pl\/en\/wp-json\/wp\/v2\/types\/post"}],"author":[{"embeddable":true,"href":"https:\/\/pts.org.pl\/en\/wp-json\/wp\/v2\/users\/111269"}],"replies":[{"embeddable":true,"href":"https:\/\/pts.org.pl\/en\/wp-json\/wp\/v2\/comments?post=8022"}],"version-history":[{"count":1,"href":"https:\/\/pts.org.pl\/en\/wp-json\/wp\/v2\/posts\/8022\/revisions"}],"predecessor-version":[{"id":8024,"href":"https:\/\/pts.org.pl\/en\/wp-json\/wp\/v2\/posts\/8022\/revisions\/8024"}],"wp:attachment":[{"href":"https:\/\/pts.org.pl\/en\/wp-json\/wp\/v2\/media?parent=8022"}],"wp:term":[{"taxonomy":"category","embeddable":true,"href":"https:\/\/pts.org.pl\/en\/wp-json\/wp\/v2\/categories?post=8022"},{"taxonomy":"post_tag","embeddable":true,"href":"https:\/\/pts.org.pl\/en\/wp-json\/wp\/v2\/tags?post=8022"}],"curies":[{"name":"wp","href":"https:\/\/api.w.org\/{rel}","templated":true}]}}