{"id":7946,"date":"2026-02-23T09:08:13","date_gmt":"2026-02-23T09:08:13","guid":{"rendered":"https:\/\/pts.org.pl\/?p=7946"},"modified":"2026-02-23T09:10:45","modified_gmt":"2026-02-23T09:10:45","slug":"ol-pts-zaprasza-kryzys-niezwyczajny-jak-polscy-pracownicy-radza-sobie-z-wielokryzysem","status":"publish","type":"post","link":"https:\/\/pts.org.pl\/en\/ol-pts-zaprasza-kryzys-niezwyczajny-jak-polscy-pracownicy-radza-sobie-z-wielokryzysem\/","title":{"rendered":"O\u0141 PTS zaprasza Kryzys (nie)zwyczajny \u2013 jak polscy pracownicy radz\u0105 sobie z wielokryzysem"},"content":{"rendered":"<div class=\"fcbkbttn_buttons_block\" id=\"fcbkbttn_left\"><div class=\"fcbkbttn_button\">\n                            <a href=\"https:\/\/www.facebook.com\/\" target=\"_blank\">\n                                <img src=\"https:\/\/pts.org.pl\/wp-content\/plugins\/facebook-button-plugin\/images\/standard-facebook-ico.png\" alt=\"Fb-Button\" \/>\n                            <\/a>\n                        <\/div><div class=\"fcbkbttn_like \"><fb:like href=\"https:\/\/pts.org.pl\/en\/ol-pts-zaprasza-kryzys-niezwyczajny-jak-polscy-pracownicy-radza-sobie-z-wielokryzysem\/\" action=\"like\" colorscheme=\"light\" layout=\"button_count\"  size=\"small\"><\/fb:like><\/div><\/div>\n<p>Oddzia\u0142 \u0141\u00f3dzki PTS oraz Biblioteka Wolno\u015b\u0107 zapraszaj\u0105 na spotkanie<\/p>\n\n\n\n<p><strong>Kryzys (nie)zwyczajny \u2013 jak polscy pracownicy radz\u0105 sobie z wielokryzysem<\/strong><\/p>\n\n\n\n<p><strong>Termin:<\/strong><strong> 13 marca 2026 roku, 17:30-19:00<\/strong><\/p>\n\n\n\n<p><strong>Miejsce:<\/strong><strong> Biblioteka Wolno\u015b\u0107, Plac Wolno\u015bci 4, \u0141\u00f3d\u017a<\/strong><\/p>\n\n\n\n<p><strong>Opis spotkania<\/strong><\/p>\n\n\n\n<p>Czy kryzys to wyj\u0105tkowy moment, czy raczej nasza nowa codzienno\u015b\u0107? Podczas dyskusji <strong>\u201eKryzys (nie)zwyczajny \u2013 jak polscy pracownicy radz\u0105 sobie z wielokryzysem\u201d<\/strong> przyjrzymy si\u0119 temu, jak do\u015bwiadczenie pandemii, niepewno\u015bci ekonomicznej i napi\u0119\u0107 instytucjonalnych zmieni\u0142o \u015bwiat pracy w Polsce.<\/p>\n\n\n\n<p>Autorzy bada\u0144 realizowanych w ramach projektu COV-WORK opowiedz\u0105 o do\u015bwiadczeniach pracownik\u00f3w niezb\u0119dnych oraz o strategiach, kt\u00f3re pozwala\u0142y im radzi\u0107 sobie z niepewno\u015bci\u0105: od pr\u00f3b normalizacji sytuacji po momenty zwrotne w biografiach zawodowych.<\/p>\n\n\n\n<p>Nie zabraknie tak\u017ce pytania o rol\u0119 pa\u0144stwa i instytucji &#8211; czy w obliczu kryzysu instytucje publiczne stan\u0119\u0142y na wysoko\u015bci zadania? A mo\u017ce wci\u0105\u017c dominuje logika \u201erad\u017a sobie sam\u201d? Zastanowimy si\u0119 tak\u017ce, jakie wyzwania stoj\u0105 przed \u201esocjologi\u0105 szybkiego reagowania\u201d oraz czy badania kryzys\u00f3w powinny sta\u0107 si\u0119 centralnym obszarem wsp\u00f3\u0142czesnej socjologii pracy.<\/p>\n\n\n\n<p>Inspiracj\u0105 do spotkania jest ksi\u0105\u017cka \u201eKryzys (nie)zwyczajny. Wielokryzys w \u015bwiecie pracy w Polsce\u201d (SCHOLAR, Warszawa 2025), autorstwa Adama Mrozowickiego, Jacka Burskiego, Jana Czarzastego, Juliusza Gardawskiego, Aleksandry Drabina-R\u00f3\u017cewicz, Mateusza Karolaka, Agaty Krasowskiej, Alicji Pal\u0119ckiej oraz Szymona Pilcha.<\/p>\n\n\n\n<p>Ksi\u0105\u017cka dost\u0119pna jest online w wolnym dost\u0119pie:<\/p>\n\n\n\n<p><a href=\"https:\/\/scholar.com.pl\/pl\/bezplatne-ebooki\/8988-kryzys-niezwyczajny-wielokryzys-w-swiecie-pracy-w-polsce.html\">https:\/\/scholar.com.pl\/pl\/bezplatne-ebooki\/8988-kryzys-niezwyczajny-wielokryzys-w-swiecie-pracy-w-polsce.html<\/a><\/p>\n\n\n\n<p>W dyskusji wezm\u0105 udzia\u0142:<\/p>\n\n\n\n<p><strong>Adam Mrozowicki<\/strong> \u2013 profesor Uniwersytetu Wroc\u0142awskiego, kierownik Zak\u0142adu Socjologii Pracy i Gospodarki w Instytucie Socjologii Uniwersytetu Wroc\u0142awskiego; kierownik projektu NCN OPUS19 \u201eCOV-WORK: \u015awiadomo\u015b\u0107 spo\u0142eczno-ekonomiczna do\u015bwiadczenia pracy i strategie radzenia sobie Polak\u00f3w w kontek\u015bcie kryzysu post-pandemicznego\u201d<\/p>\n\n\n\n<p><strong>Jacek Burski<\/strong> \u2013 doktor nauk spo\u0142ecznych, adiunkt w Zak\u0142adzie Socjologii Pracy i Gospodarki Instytutu Socjologii Uniwersytetu Wroc\u0142awskiego; postdoc w projekcie badawczym NCN OPUS19 \u201eCOV-WORK: \u015awiadomo\u015b\u0107 spo\u0142eczno-ekonomiczna, do\u015bwiadczenia zawodowe i strategie radzenia sobie Polak\u00f3w w kontek\u015bcie kryzysu pourazowego\u201d<\/p>\n\n\n\n<p>Spotkanie poprowadz\u0105 Sylwia M\u0119cfal (dr, Instytut Socjologii U\u0141, Oddzia\u0142 \u0141\u00f3dzki PTS) oraz Katarzyna Waniek (dr hab. prof. U\u0141, Instytut Socjologii U\u0141, Oddzia\u0142 \u0141\u00f3dzki PTS)<\/p>\n\n\n\n<p>Link do wydarzenia na Facebooku:&nbsp;<a href=\"https:\/\/www.facebook.com\/events\/25896920609962472\">https:\/\/www.facebook.com\/events\/25896920609962472<\/a><\/p>\n\n\n\n<p>W za\u0142\u0105czeniu przesy\u0142am plakat wydarzenia oraz pe\u0142ne notki biograficzne go\u015bci.<\/p>\n\n\n\n<div class=\"wp-block-file\"><object class=\"wp-block-file__embed\" data=\"https:\/\/pts.org.pl\/wp-content\/uploads\/2026\/02\/Kryzys-niezwyczajny-13.03.2026.pdf\" type=\"application\/pdf\" style=\"width:100%;height:600px\" aria-label=\"Osadzone z Kryzys-niezwyczajny-13.03.2026.\"><\/object><a href=\"https:\/\/pts.org.pl\/wp-content\/uploads\/2026\/02\/Kryzys-niezwyczajny-13.03.2026.pdf\">Kryzys-niezwyczajny-13.03.2026<\/a><a href=\"https:\/\/pts.org.pl\/wp-content\/uploads\/2026\/02\/Kryzys-niezwyczajny-13.03.2026.pdf\" class=\"wp-block-file__button\" download>Pobierz<\/a><\/div>\n\n\n\n<div class=\"wp-block-file\"><object class=\"wp-block-file__embed\" data=\"https:\/\/pts.org.pl\/wp-content\/uploads\/2026\/02\/Pelne-notki-biograficzne.pdf\" type=\"application\/pdf\" style=\"width:100%;height:600px\" aria-label=\"Osadzone z Pelne-notki-biograficzne.\"><\/object><a href=\"https:\/\/pts.org.pl\/wp-content\/uploads\/2026\/02\/Pelne-notki-biograficzne.pdf\">Pelne-notki-biograficzne<\/a><a href=\"https:\/\/pts.org.pl\/wp-content\/uploads\/2026\/02\/Pelne-notki-biograficzne.pdf\" class=\"wp-block-file__button\" download>Pobierz<\/a><\/div>\n","protected":false},"excerpt":{"rendered":"<p>Oddzia\u0142 \u0141\u00f3dzki PTS oraz Biblioteka Wolno\u015b\u0107 zapraszaj\u0105 na spotkanie Kryzys (nie)zwyczajny \u2013 jak polscy pracownicy radz\u0105 sobie z wielokryzysem Termin: 13 marca 2026 roku, 17:30-19:00 Miejsce: Biblioteka Wolno\u015b\u0107, Plac Wolno\u015bci 4, \u0141\u00f3d\u017a Opis spotkania Czy kryzys to wyj\u0105tkowy moment, czy raczej nasza nowa codzienno\u015b\u0107? Podczas dyskusji \u201eKryzys (nie)zwyczajny \u2013 jak polscy pracownicy radz\u0105 sobie z [&hellip;]<\/p>\n","protected":false},"author":111269,"featured_media":0,"comment_status":"open","ping_status":"open","sticky":false,"template":"","format":"standard","meta":[],"categories":[],"tags":[],"_links":{"self":[{"href":"https:\/\/pts.org.pl\/en\/wp-json\/wp\/v2\/posts\/7946"}],"collection":[{"href":"https:\/\/pts.org.pl\/en\/wp-json\/wp\/v2\/posts"}],"about":[{"href":"https:\/\/pts.org.pl\/en\/wp-json\/wp\/v2\/types\/post"}],"author":[{"embeddable":true,"href":"https:\/\/pts.org.pl\/en\/wp-json\/wp\/v2\/users\/111269"}],"replies":[{"embeddable":true,"href":"https:\/\/pts.org.pl\/en\/wp-json\/wp\/v2\/comments?post=7946"}],"version-history":[{"count":2,"href":"https:\/\/pts.org.pl\/en\/wp-json\/wp\/v2\/posts\/7946\/revisions"}],"predecessor-version":[{"id":7951,"href":"https:\/\/pts.org.pl\/en\/wp-json\/wp\/v2\/posts\/7946\/revisions\/7951"}],"wp:attachment":[{"href":"https:\/\/pts.org.pl\/en\/wp-json\/wp\/v2\/media?parent=7946"}],"wp:term":[{"taxonomy":"category","embeddable":true,"href":"https:\/\/pts.org.pl\/en\/wp-json\/wp\/v2\/categories?post=7946"},{"taxonomy":"post_tag","embeddable":true,"href":"https:\/\/pts.org.pl\/en\/wp-json\/wp\/v2\/tags?post=7946"}],"curies":[{"name":"wp","href":"https:\/\/api.w.org\/{rel}","templated":true}]}}