{"id":7877,"date":"2025-12-17T09:12:53","date_gmt":"2025-12-17T09:12:53","guid":{"rendered":"https:\/\/pts.org.pl\/?p=7877"},"modified":"2025-12-17T09:15:02","modified_gmt":"2025-12-17T09:15:02","slug":"call-for-papers-now-open-17th-esa-conference-warsaw-2026","status":"publish","type":"post","link":"https:\/\/pts.org.pl\/en\/call-for-papers-now-open-17th-esa-conference-warsaw-2026\/","title":{"rendered":"Call for Papers now open \u2013 17th ESA Conference, Warsaw 2026"},"content":{"rendered":"<div class=\"fcbkbttn_buttons_block\" id=\"fcbkbttn_left\"><div class=\"fcbkbttn_button\">\n                            <a href=\"https:\/\/www.facebook.com\/\" target=\"_blank\">\n                                <img src=\"https:\/\/pts.org.pl\/wp-content\/plugins\/facebook-button-plugin\/images\/standard-facebook-ico.png\" alt=\"Fb-Button\" \/>\n                            <\/a>\n                        <\/div><div class=\"fcbkbttn_like \"><fb:like href=\"https:\/\/pts.org.pl\/en\/call-for-papers-now-open-17th-esa-conference-warsaw-2026\/\" action=\"like\" colorscheme=\"light\" layout=\"button_count\"  size=\"small\"><\/fb:like><\/div><\/div>\n<p>Szanowni Pa\u0144stwo,<\/p>\n\n\n\n<p>Poni\u017cej znajduj\u0105 si\u0119 informacje dotycz\u0105ce zg\u0142aszania abstrakt\u00f3w referat\u00f3w na Konferencj\u0119 Europejskiego Towarzystwa Socjologicznego wsp\u00f3\u0142organizowanej przez Polskie Towarzystwo Socjologiczne w Warszawie w 2026 roku.<\/p>\n\n\n\n<p>We are pleased to inform you that the Call for Papers for the 17th ESA Conference is now open.<\/p>\n\n\n\n<p>The conference will take place in Warsaw, Poland, from 25 to 28 August 2026, under the theme:<\/p>\n\n\n\n<p><strong>\u201cStrengthening Democracies: Social Action, Solidarity, and Sustainable Futures.\u201d<\/strong><\/p>\n\n\n\n<p>The ESA 2026 Conference will offer a shared space for learning, exchanging ideas and research, and strengthening professional and academic networks across the ESA community.<\/p>\n\n\n\n<p><strong>Full Call for Papers:<\/strong> <a href=\"https:\/\/bit.ly\/48E3ylb\" target=\"_blank\" rel=\"noreferrer noopener\">https:\/\/bit.ly\/48E3ylb<\/a><br><strong>Abstract submission deadline:<\/strong> 30 January 2026<br><strong>Submission platform:<\/strong> <a href=\"http:\/\/www.conftool.com\/esa2026\" target=\"_blank\" rel=\"noreferrer noopener\">www.conftool.com\/esa2026<\/a><\/p>\n","protected":false},"excerpt":{"rendered":"<p>Szanowni Pa\u0144stwo, Poni\u017cej znajduj\u0105 si\u0119 informacje dotycz\u0105ce zg\u0142aszania abstrakt\u00f3w referat\u00f3w na Konferencj\u0119 Europejskiego Towarzystwa Socjologicznego wsp\u00f3\u0142organizowanej przez Polskie Towarzystwo Socjologiczne w Warszawie w 2026 roku. We are pleased to inform you that the Call for Papers for the 17th ESA Conference is now open. The conference will take place in Warsaw, Poland, from 25 to [&hellip;]<\/p>\n","protected":false},"author":111269,"featured_media":0,"comment_status":"open","ping_status":"open","sticky":false,"template":"","format":"standard","meta":[],"categories":[],"tags":[],"_links":{"self":[{"href":"https:\/\/pts.org.pl\/en\/wp-json\/wp\/v2\/posts\/7877"}],"collection":[{"href":"https:\/\/pts.org.pl\/en\/wp-json\/wp\/v2\/posts"}],"about":[{"href":"https:\/\/pts.org.pl\/en\/wp-json\/wp\/v2\/types\/post"}],"author":[{"embeddable":true,"href":"https:\/\/pts.org.pl\/en\/wp-json\/wp\/v2\/users\/111269"}],"replies":[{"embeddable":true,"href":"https:\/\/pts.org.pl\/en\/wp-json\/wp\/v2\/comments?post=7877"}],"version-history":[{"count":3,"href":"https:\/\/pts.org.pl\/en\/wp-json\/wp\/v2\/posts\/7877\/revisions"}],"predecessor-version":[{"id":7880,"href":"https:\/\/pts.org.pl\/en\/wp-json\/wp\/v2\/posts\/7877\/revisions\/7880"}],"wp:attachment":[{"href":"https:\/\/pts.org.pl\/en\/wp-json\/wp\/v2\/media?parent=7877"}],"wp:term":[{"taxonomy":"category","embeddable":true,"href":"https:\/\/pts.org.pl\/en\/wp-json\/wp\/v2\/categories?post=7877"},{"taxonomy":"post_tag","embeddable":true,"href":"https:\/\/pts.org.pl\/en\/wp-json\/wp\/v2\/tags?post=7877"}],"curies":[{"name":"wp","href":"https:\/\/api.w.org\/{rel}","templated":true}]}}