{"id":7832,"date":"2025-11-13T08:40:17","date_gmt":"2025-11-13T08:40:17","guid":{"rendered":"https:\/\/pts.org.pl\/?p=7832"},"modified":"2025-11-13T08:40:18","modified_gmt":"2025-11-13T08:40:18","slug":"zmarla-pani-barbara-danecka","status":"publish","type":"post","link":"https:\/\/pts.org.pl\/en\/zmarla-pani-barbara-danecka\/","title":{"rendered":"Zmar\u0142a Pani Barbara Danecka"},"content":{"rendered":"<div class=\"fcbkbttn_buttons_block\" id=\"fcbkbttn_left\"><div class=\"fcbkbttn_button\">\n                            <a href=\"https:\/\/www.facebook.com\/\" target=\"_blank\">\n                                <img src=\"https:\/\/pts.org.pl\/wp-content\/plugins\/facebook-button-plugin\/images\/standard-facebook-ico.png\" alt=\"Fb-Button\" \/>\n                            <\/a>\n                        <\/div><div class=\"fcbkbttn_like \"><fb:like href=\"https:\/\/pts.org.pl\/en\/zmarla-pani-barbara-danecka\/\" action=\"like\" colorscheme=\"light\" layout=\"button_count\"  size=\"small\"><\/fb:like><\/div><\/div>\n<p>1 listopada 2025 r. zmar\u0142a Pani <strong>Barbara Danecka<\/strong>, absolwentka warszawskiej socjologii (1970), realizatorka naukowych bada\u0144 spo\u0142ecznych. By\u0142a pracowniczk\u0105 i kierowniczk\u0105 Zak\u0142adu Bada\u0144 Naukowych Polskiego Towarzystwa Socjologicznego, oddan\u0105 pracy i Towarzystwu.<\/p>\n\n\n\n<p>Pogrzeb odb\u0119dzie si\u0119 14 bm. (pi\u0105tek), o godz. 14.30 na Cmentarzu P\u00f3\u0142nocnym.<\/p>\n","protected":false},"excerpt":{"rendered":"<p>1 listopada 2025 r. zmar\u0142a Pani Barbara Danecka, absolwentka warszawskiej socjologii (1970), realizatorka naukowych bada\u0144 spo\u0142ecznych. By\u0142a pracowniczk\u0105 i kierowniczk\u0105 Zak\u0142adu Bada\u0144 Naukowych Polskiego Towarzystwa Socjologicznego, oddan\u0105 pracy i Towarzystwu. Pogrzeb odb\u0119dzie si\u0119 14 bm. (pi\u0105tek), o godz. 14.30 na Cmentarzu P\u00f3\u0142nocnym.<\/p>\n","protected":false},"author":111269,"featured_media":0,"comment_status":"open","ping_status":"open","sticky":false,"template":"","format":"standard","meta":[],"categories":[],"tags":[],"_links":{"self":[{"href":"https:\/\/pts.org.pl\/en\/wp-json\/wp\/v2\/posts\/7832"}],"collection":[{"href":"https:\/\/pts.org.pl\/en\/wp-json\/wp\/v2\/posts"}],"about":[{"href":"https:\/\/pts.org.pl\/en\/wp-json\/wp\/v2\/types\/post"}],"author":[{"embeddable":true,"href":"https:\/\/pts.org.pl\/en\/wp-json\/wp\/v2\/users\/111269"}],"replies":[{"embeddable":true,"href":"https:\/\/pts.org.pl\/en\/wp-json\/wp\/v2\/comments?post=7832"}],"version-history":[{"count":1,"href":"https:\/\/pts.org.pl\/en\/wp-json\/wp\/v2\/posts\/7832\/revisions"}],"predecessor-version":[{"id":7833,"href":"https:\/\/pts.org.pl\/en\/wp-json\/wp\/v2\/posts\/7832\/revisions\/7833"}],"wp:attachment":[{"href":"https:\/\/pts.org.pl\/en\/wp-json\/wp\/v2\/media?parent=7832"}],"wp:term":[{"taxonomy":"category","embeddable":true,"href":"https:\/\/pts.org.pl\/en\/wp-json\/wp\/v2\/categories?post=7832"},{"taxonomy":"post_tag","embeddable":true,"href":"https:\/\/pts.org.pl\/en\/wp-json\/wp\/v2\/tags?post=7832"}],"curies":[{"name":"wp","href":"https:\/\/api.w.org\/{rel}","templated":true}]}}