{"id":7828,"date":"2025-11-12T10:09:57","date_gmt":"2025-11-12T10:09:57","guid":{"rendered":"https:\/\/pts.org.pl\/?p=7828"},"modified":"2025-11-12T10:09:59","modified_gmt":"2025-11-12T10:09:59","slug":"seminarium-naukowe-sszim-pts","status":"publish","type":"post","link":"https:\/\/pts.org.pl\/en\/seminarium-naukowe-sszim-pts\/","title":{"rendered":"Seminarium Naukowe SSZiM PTS"},"content":{"rendered":"<div class=\"fcbkbttn_buttons_block\" id=\"fcbkbttn_left\"><div class=\"fcbkbttn_button\">\n                            <a href=\"https:\/\/www.facebook.com\/\" target=\"_blank\">\n                                <img src=\"https:\/\/pts.org.pl\/wp-content\/plugins\/facebook-button-plugin\/images\/standard-facebook-ico.png\" alt=\"Fb-Button\" \/>\n                            <\/a>\n                        <\/div><div class=\"fcbkbttn_like \"><fb:like href=\"https:\/\/pts.org.pl\/en\/seminarium-naukowe-sszim-pts\/\" action=\"like\" colorscheme=\"light\" layout=\"button_count\"  size=\"small\"><\/fb:like><\/div><\/div>\n<p><em>Szanowni Cz\u0142onkowie ,<\/em><\/p>\n\n\n\n<p>Serdecznie zapraszamy na&nbsp;<strong>XI Seminarium Naukowe SEKCJI SZIM PTS pt. \u201eZrozumie\u0107, by zapobiec \u2013 suicydologia dzieci i m\u0142odzie\u017cy w uj\u0119ciu praktycznym&#8221;.<\/strong><\/p>\n\n\n\n<p><strong>Abstrakt:&nbsp;<\/strong><\/p>\n\n\n\n<p>Zachowania suicydalne w\u015br\u00f3d m\u0142odzie\u017cy stanowi\u0105 jedno z najbardziej napi\u0119tych i jednocze\u015bnie najmniej rozumianych wyzwa\u0144 wsp\u00f3\u0142czesnych spo\u0142ecze\u0144stw . Samob\u00f3jstwa te stanowi\u0105 istotny problem w spo\u0142ecze\u0144stwie globalnym, europejskim i polskim. Problem ten mo\u017ce by\u0107 traktowany zar\u00f3wno z perspektywy indywidualnego rozwoju, jak i p\u0142aszczyzny wsp\u00f3lnotowej, spo\u0142ecznej. Zachowania suicydalne w\u015br\u00f3d dzieci i m\u0142odzie\u017cy stanowi\u0105 coraz powa\u017cniejszy problem zdrowia publicznego, spo\u0142ecznego i psychologicznego, zar\u00f3wno w Polsce, jak i na \u015bwiecie. W ostatnich latach obserwuje si\u0119 niepokoj\u0105cy wzrost liczby pr\u00f3b samob\u00f3jczych oraz samob\u00f3jstw dokonanych przez osoby niepe\u0142noletnie. Wobec z\u0142o\u017conej natury tego zjawiska niezb\u0119dne jest interdyscyplinarne podej\u015bcie \u2013 uwzgl\u0119dniaj\u0105ce zar\u00f3wno perspektyw\u0119 psychologiczn\u0105, pedagogiczn\u0105, socjologiczn\u0105, jak i medyczn\u0105 oraz prawn\u0105.<\/p>\n\n\n\n<p>W obliczu narastaj\u0105cych trudno\u015bci psychicznych w\u015br\u00f3d m\u0142odzie\u017cy, zw\u0142aszcza w kontek\u015bcie globalnych kryzys\u00f3w, konieczne staje si\u0119 wdra\u017canie rozwi\u0105za\u0144 o charakterze systemowym. Szko\u0142y powinny dysponowa\u0107 odpowiednimi narz\u0119dziami do prowadzenia edukacji w zakresie emocji, realizacji program\u00f3w profilaktycznych oraz szybkiego reagowania w sytuacjach kryzysowych. R\u00f3wnocze\u015bnie m\u0142ode osoby musz\u0105 mie\u0107 \u0142atwy dost\u0119p do wsparcia psychoterapeutycznego, konsultacji psychologicznych i opieki psychiatrycznej. Istotne znaczenie maj\u0105 r\u00f3wnie\u017c media, kt\u00f3re powinny ogranicza\u0107 negatywny przekaz, a w zamian promowa\u0107 tre\u015bci buduj\u0105ce odporno\u015b\u0107 psychiczn\u0105 i wzmacniaj\u0105ce poczucie wp\u0142ywu na w\u0142asne \u017cycie. Nie mo\u017cna jednak zapomina\u0107 o kluczowej roli, jak\u0105 odgrywa rodzina. To ona stanowi pierwsze i najwa\u017cniejsze \u015brodowisko wsparcia emocjonalnego.<\/p>\n\n\n\n<p><strong>Organizator:<\/strong>&nbsp;Seminarium jest Zarz\u0105d Sekcji SZiM PTS<\/p>\n\n\n\n<p><strong>Wsp\u00f3\u0142organizatorzy:<\/strong>&nbsp;Katedra Socjologii Zdrowia i Pracy Socjalnej INS UKSW oraz Szko\u0142a G\u0142\u00f3wna Miko\u0142aja Kopernika<\/p>\n\n\n\n<p><strong>Termin: 14 listopada br. o godz. 17.00 online<\/strong><\/p>\n\n\n\n<p><strong>Spotkanie na MS Teams:&nbsp;<\/strong><\/p>\n\n\n\n<p>Identyfikator spotkania: 385 540 453 581 4<\/p>\n\n\n\n<p>Kod dost\u0119pu: on9Zi6Ur<\/p>\n\n\n\n<p><strong>Program seminarium<\/strong>:&nbsp;<\/p>\n\n\n\n<p><strong>1) \u201cKryzys emocjonalny w\u015br\u00f3d dzieci i m\u0142odzie\u017cy &#8211; diagnoza, wsparcie, profilaktyka\u201d<\/strong><\/p>\n\n\n\n<p><strong><em>dr hab. Jolanta \u0141odzi\u0144ska, prof. ucz.,&nbsp;<\/em><\/strong><em>kierownik Katedry Socjologii Zdrowia i Pracy Socjalnej, przewodnicz\u0105ca Wydzia\u0142owej Komisji ds. Etyki Nauki i Zawodu (WSE)<\/em><\/p>\n\n\n\n<p><strong>2) \u201eSamob\u00f3jstwa m\u0142odzie\u017cy w \u015bwietle bada\u0144 i polityki regionalnej \u2013 jak \u0142\u0105czy\u0107 nauk\u0119, profilaktyk\u0119 i praktyk\u0119\u201d<\/strong><\/p>\n\n\n\n<p><strong>dr Dariusz Budrowski,&nbsp;<\/strong>Prezes Polskiej Fundacji Filary Rozwoju. Szko\u0142a G\u0142\u00f3wna Miko\u0142aja Kopernika&nbsp;<\/p>\n\n\n\n<p><strong>mgr Bogus\u0142awa Domian-Kruszewska,&nbsp;<\/strong>doktorantka SGMK w Warszawie&nbsp;<\/p>\n\n\n\n<p>3)&nbsp;<strong>\u201eWywiad piel\u0119gniarski zorientowany na zapobieganie samob\u00f3jstwom\u201d<\/strong><\/p>\n\n\n\n<p><strong>mgr Przemys\u0142aw Mocarski,&nbsp;<\/strong>Szpital Wojew\u00f3dzki im. Kardyna\u0142a Stefana Wyszy\u0144skiego w \u0141om\u017cy \u2013 Oddzia\u0142 Psychiatryczny Dziennego Pobytu<\/p>\n\n\n\n<p>Serdecznie zapraszamy i liczymy na pa\u0144stwa obecno\u015b\u0107!<\/p>\n\n\n\n<p>Z wyrazami szacunku oraz pozdrowieniami<\/p>\n\n\n\n<p><em>dr hab. Ma\u0142gorzata Synowiec-Pi\u0142at<\/em><\/p>\n\n\n\n<p><em>dr Krzysztof Puchalski&nbsp;&nbsp;<\/em><\/p>\n\n\n\n<p><em>dr Agnieszka Borowiec<\/em><\/p>\n\n\n\n<p>Zarz\u0105d Sekcji SZiM PTS<\/p>\n","protected":false},"excerpt":{"rendered":"<p>Szanowni Cz\u0142onkowie , Serdecznie zapraszamy na&nbsp;XI Seminarium Naukowe SEKCJI SZIM PTS pt. \u201eZrozumie\u0107, by zapobiec \u2013 suicydologia dzieci i m\u0142odzie\u017cy w uj\u0119ciu praktycznym&#8221;. Abstrakt:&nbsp; Zachowania suicydalne w\u015br\u00f3d m\u0142odzie\u017cy stanowi\u0105 jedno z najbardziej napi\u0119tych i jednocze\u015bnie najmniej rozumianych wyzwa\u0144 wsp\u00f3\u0142czesnych spo\u0142ecze\u0144stw . Samob\u00f3jstwa te stanowi\u0105 istotny problem w spo\u0142ecze\u0144stwie globalnym, europejskim i polskim. Problem ten mo\u017ce [&hellip;]<\/p>\n","protected":false},"author":111269,"featured_media":0,"comment_status":"open","ping_status":"open","sticky":false,"template":"","format":"standard","meta":[],"categories":[],"tags":[],"_links":{"self":[{"href":"https:\/\/pts.org.pl\/en\/wp-json\/wp\/v2\/posts\/7828"}],"collection":[{"href":"https:\/\/pts.org.pl\/en\/wp-json\/wp\/v2\/posts"}],"about":[{"href":"https:\/\/pts.org.pl\/en\/wp-json\/wp\/v2\/types\/post"}],"author":[{"embeddable":true,"href":"https:\/\/pts.org.pl\/en\/wp-json\/wp\/v2\/users\/111269"}],"replies":[{"embeddable":true,"href":"https:\/\/pts.org.pl\/en\/wp-json\/wp\/v2\/comments?post=7828"}],"version-history":[{"count":1,"href":"https:\/\/pts.org.pl\/en\/wp-json\/wp\/v2\/posts\/7828\/revisions"}],"predecessor-version":[{"id":7829,"href":"https:\/\/pts.org.pl\/en\/wp-json\/wp\/v2\/posts\/7828\/revisions\/7829"}],"wp:attachment":[{"href":"https:\/\/pts.org.pl\/en\/wp-json\/wp\/v2\/media?parent=7828"}],"wp:term":[{"taxonomy":"category","embeddable":true,"href":"https:\/\/pts.org.pl\/en\/wp-json\/wp\/v2\/categories?post=7828"},{"taxonomy":"post_tag","embeddable":true,"href":"https:\/\/pts.org.pl\/en\/wp-json\/wp\/v2\/tags?post=7828"}],"curies":[{"name":"wp","href":"https:\/\/api.w.org\/{rel}","templated":true}]}}