{"id":768,"date":"2016-02-24T11:41:55","date_gmt":"2016-02-24T11:41:55","guid":{"rendered":"http:\/\/www.pts.org.pl\/?p=768"},"modified":"2016-04-06T11:43:17","modified_gmt":"2016-04-06T11:43:17","slug":"seminarium-z-cyklu-lokalne-regionalne-krajowe-i-ponadnarodowe-cztery-spojrzenia-na-zmiane-spoleczna-i-lad-spoleczny","status":"publish","type":"post","link":"https:\/\/pts.org.pl\/en\/seminarium-z-cyklu-lokalne-regionalne-krajowe-i-ponadnarodowe-cztery-spojrzenia-na-zmiane-spoleczna-i-lad-spoleczny\/","title":{"rendered":"(Polski) Seminarium z cyklu Lokalne, regionalne, krajowe i ponadnarodowe: cztery spojrzenia na zmian\u0119 spo\u0142eczn\u0105 i \u0142ad spo\u0142eczny"},"content":{"rendered":"<p class=\"qtranxs-available-languages-message qtranxs-available-languages-message-en\">Sorry, this entry is only available in <a href=\"https:\/\/pts.org.pl\/pl\/wp-json\/wp\/v2\/posts\/768\" class=\"qtranxs-available-language-link qtranxs-available-language-link-pl\" title=\"Polski\">Polish<\/a>.<\/p>","protected":false},"excerpt":{"rendered":"<p>Sorry, this entry is only available in Polish.<\/p>\n","protected":false},"author":7,"featured_media":0,"comment_status":"open","ping_status":"open","sticky":false,"template":"","format":"standard","meta":[],"categories":[],"tags":[],"_links":{"self":[{"href":"https:\/\/pts.org.pl\/en\/wp-json\/wp\/v2\/posts\/768"}],"collection":[{"href":"https:\/\/pts.org.pl\/en\/wp-json\/wp\/v2\/posts"}],"about":[{"href":"https:\/\/pts.org.pl\/en\/wp-json\/wp\/v2\/types\/post"}],"author":[{"embeddable":true,"href":"https:\/\/pts.org.pl\/en\/wp-json\/wp\/v2\/users\/7"}],"replies":[{"embeddable":true,"href":"https:\/\/pts.org.pl\/en\/wp-json\/wp\/v2\/comments?post=768"}],"version-history":[{"count":1,"href":"https:\/\/pts.org.pl\/en\/wp-json\/wp\/v2\/posts\/768\/revisions"}],"predecessor-version":[{"id":769,"href":"https:\/\/pts.org.pl\/en\/wp-json\/wp\/v2\/posts\/768\/revisions\/769"}],"wp:attachment":[{"href":"https:\/\/pts.org.pl\/en\/wp-json\/wp\/v2\/media?parent=768"}],"wp:term":[{"taxonomy":"category","embeddable":true,"href":"https:\/\/pts.org.pl\/en\/wp-json\/wp\/v2\/categories?post=768"},{"taxonomy":"post_tag","embeddable":true,"href":"https:\/\/pts.org.pl\/en\/wp-json\/wp\/v2\/tags?post=768"}],"curies":[{"name":"wp","href":"https:\/\/api.w.org\/{rel}","templated":true}]}}