{"id":7584,"date":"2025-05-08T09:48:40","date_gmt":"2025-05-08T09:48:40","guid":{"rendered":"https:\/\/pts.org.pl\/?p=7584"},"modified":"2025-05-08T09:50:36","modified_gmt":"2025-05-08T09:50:36","slug":"ol-zaprasza-na-spotkanie-z-autorkami-ksiazki-socjologia-meskosci-teorie-w-badaniach","status":"publish","type":"post","link":"https:\/\/pts.org.pl\/en\/ol-zaprasza-na-spotkanie-z-autorkami-ksiazki-socjologia-meskosci-teorie-w-badaniach\/","title":{"rendered":"O\u0141 zaprasza na spotkanie z Autorkami ksi\u0105\u017cki \u201eSocjologia m\u0119sko\u015bci. Teorie w badaniach\u201d"},"content":{"rendered":"<div class=\"fcbkbttn_buttons_block\" id=\"fcbkbttn_left\"><div class=\"fcbkbttn_button\">\n                            <a href=\"https:\/\/www.facebook.com\/\" target=\"_blank\">\n                                <img src=\"https:\/\/pts.org.pl\/wp-content\/plugins\/facebook-button-plugin\/images\/standard-facebook-ico.png\" alt=\"Fb-Button\" \/>\n                            <\/a>\n                        <\/div><div class=\"fcbkbttn_like \"><fb:like href=\"https:\/\/pts.org.pl\/en\/ol-zaprasza-na-spotkanie-z-autorkami-ksiazki-socjologia-meskosci-teorie-w-badaniach\/\" action=\"like\" colorscheme=\"light\" layout=\"button_count\"  size=\"small\"><\/fb:like><\/div><\/div>\n<p class=\"has-text-align-center\">Zapraszamy serdecznie na spotkanie z Autorkami ksi\u0105\u017cki<br>\u201eSocjologia m\u0119sko\u015bci. Teorie w badaniach\u201d<br>(Wydawnictwo Uniwersytetu \u0141\u00f3dzkiego, \u0141\u00f3d\u017a 2024)Z dr hab. Urszul\u0105 Kluczy\u0144sk\u0105 oraz dr hab. Ann\u0105 K\u0142onkowsk\u0105 porozmawia<br>dr Krystyna Dzwonkowska-Godula (IS U\u0141).<\/p>\n\n\n\n<p><strong>Spotkanie odb\u0119dzie si\u0119 online (MS Teams) 12 maja 2025 o godzinie 18:00.<\/strong><\/p>\n\n\n\n<p><strong>Instytucje organizuj\u0105ce:<\/strong>&nbsp;Oddzia\u0142 \u0141\u00f3dzki Polskiego Towarzystwa Socjologicznego oraz Interdyscyplinarne Seminarium Gender U\u0141.<\/p>\n\n\n\n<p><strong>Link do spotkania:<\/strong><\/p>\n\n\n\n<p><a href=\"https:\/\/teams.microsoft.com\/l\/meetup-join\/19%3ameeting_OTY1ZDYwZTctNmE0Ny00YmNmLThlMDQtZmIyZmJkNWY1ZmQ5%40thread.v2\/0?context=%7b%22Tid%22%3a%2263441aef-da0e-4397-bb7e-f9d4705e963b%22%2c%22Oid%22%3a%2232d8e4ff-59de-4d1c-9e1c-a3d61b9b0ee8%22%7d\">https:\/\/teams.microsoft.com\/l\/meetup-join\/19%3ameeting_OTY1ZDYwZTctNmE0Ny00YmNmLThlMDQtZmIyZmJkNWY1ZmQ5%40thread.v2\/0?context=%7b%22Tid%22%3a%2263441aef-da0e-4397-bb7e-f9d4705e963b%22%2c%22Oid%22%3a%2232d8e4ff-59de-4d1c-9e1c-a3d61b9b0ee8%22%7d<\/a><\/p>\n\n\n\n<p><strong>Identyfikator spotkania:<\/strong>&nbsp;355 573 842 596 0<\/p>\n\n\n\n<p><strong>Kod dost\u0119pu:<\/strong>&nbsp;ya9ex9CF<\/p>\n\n\n\n<p><strong>O KSI\u0104\u017bCE<\/strong><\/p>\n\n\n\n<p>Celem ksi\u0105\u017cki jest przybli\u017cenie najbardziej popularnych i najcz\u0119\u015bciej stosowanych teorii w obr\u0119bie krytycznych studi\u00f3w nad m\u0119\u017cczyznami i m\u0119sko\u015bciami. Wybrane teorie zosta\u0142y przybli\u017cone, przeanalizowane i zobrazowane przyk\u0142adami bada\u0144. W rozdziale pierwszym opisano rozw\u00f3j studi\u00f3w nad m\u0119\u017cczyznami i m\u0119sko\u015bciami w Polsce na tle kultury Zachodu. Ponadto wskazano perspektywy oraz teorie wykorzystywane w polskich socjologicznych studiach nad m\u0119\u017cczyznami i m\u0119sko\u015bciami. W kolejnych rozdzia\u0142ach scharakteryzowano za\u0142o\u017cenia kolejnych koncepcji, przedyskutowano i zniuansowano ich specyfik\u0119, om\u00f3wiono krytyk\u0119. Przybli\u017cono: teori\u0119 m\u0119sko\u015bci hegemonicznej, za\u0142o\u017cenia m\u0119sko\u015bci toksycznej, teori\u0119 m\u0119sko\u015bci hybrydowych, m\u0119sko\u015bci inkluzywnej, m\u0119sko\u015bci opieku\u0144czych, kobiecych m\u0119sko\u015bci i koncepcj\u0119 \u201eotwartych\u201d i \u201ezamkni\u0119tych\u201d m\u0119sko\u015bci.<\/p>\n\n\n\n<p><strong>O AUTORKACH<\/strong><\/p>\n\n\n\n<p>Dr hab. Urszula Kluczy\u0144ska prof. CDV \u2013 Socjolo\u017cka i pedago\u017cka, doktorka habilitowana w dyscyplinie socjologia. Pracuje na stanowisku profesorki w Collegium Da Vinci w Poznaniu. Jej zainteresowania badawcze koncentruj\u0105 si\u0119 wok\u00f3\u0142 problematyki krytycznych studi\u00f3w nad m\u0119sko\u015bciami i m\u0119\u017cczyznami ze szczeg\u00f3lnym uwzgl\u0119dnieniem spo\u0142ecznych kontekst\u00f3w opieki, zdrowia, seksualno\u015bci, staro\u015bci, ojcostwa i medi\u00f3w. Jest autork\u0105 monografii naukowych M\u0119\u017cczy\u017ani w piel\u0119gniarstwie. W stron\u0119 m\u0119sko\u015bci opieku\u0144czej (2017), Metamorfozy to\u017csamo\u015bci m\u0119\u017cczyzn w kulturze wsp\u00f3\u0142czesnej (2009) i wsp\u00f3\u0142autork\u0105 ksi\u0105\u017cek: Socjologia m\u0119sko\u015bci. Teorie w badaniach (2024) oraz Poza schematem. Spo\u0142eczny konstrukt p\u0142ci i seksualno\u015bci (2016). Jest wsp\u00f3\u0142redaktork\u0105 numer\u00f3w specjalnych czasopism naukowych po\u015bwi\u0119conych tematyce m\u0119sko\u015bci oraz autork\u0105 artyku\u0142\u00f3w naukowych z zakresu krytycznych studi\u00f3w nad m\u0119\u017cczyznami i m\u0119sko\u015bciami. Jest cz\u0142onkini\u0105 Polskiego Towarzystwa Socjologicznego.<\/p>\n\n\n\n<p>Dr hab.\u202fAnna M. K\u0142onkowska, prof. UG&nbsp;\u2013&nbsp;Profesorka w Instytucie Socjologii, na Wydziale Nauk Spo\u0142ecznych Uniwersytetu Gda\u0144skiego. Badaczka wykszta\u0142cona w dziedzinie nauk spo\u0142ecznych (socjologia, psychologia i filozofia). Autorka wielu publikacji z zakresu sytuacji spo\u0142ecznej os\u00f3b transp\u0142ciowych oraz socjologii m\u0119sko\u015bci. Cz\u0142onkini zarz\u0105du American Men\u2019s Studies Association oraz zespo\u0142u redakcyjnego&nbsp;\u201cMen and Masculinities\u201d&nbsp;i&nbsp;\u201cPolish Sociological Review\u201d. Visiting Scholar w Center for the Study of Men and Masculinities na Uniwersytecie Stanowym w Nowym Jorku w latach 2013, 2016-17, 2019-20. Laureatka nagrody badawczej Chair in Transgender Studies Research Fellowship (University of Victoria) oraz mi\u0119dzynarodowych stypendi\u00f3w i grant\u00f3w badawczych: Senior Award Polsko-Ameryka\u0144skiej Komisji Fulbrighta\u202f(Stony Brook University, NY); Programu im. Bekkera NAWA (Stony Brook University, NY); Fundacji Ko\u015bciuszkowskiej (Stony Brook University, NY); Bednarowski Trust (University of Aberdeen); DAAD (Albert-Ludwigs-Universit\u00e4t, Freiburg). Ambasadorka Program\u00f3w Komisji Fulbrighta w Polsce.<br><\/p>\n\n\n\n<p>Link do wydarzenia na Facebooku:\u00a0\u00a0<a rel=\"noreferrer noopener\" href=\"https:\/\/www.facebook.com\/events\/1217527699727114\/\" target=\"_blank\">https:\/\/www.facebook.com\/events\/1217527699727114\/<\/a><\/p>\n\n\n\n<figure class=\"wp-block-gallery columns-1 is-cropped\"><ul class=\"blocks-gallery-grid\"><li class=\"blocks-gallery-item\"><figure><img loading=\"lazy\" width=\"1024\" height=\"576\" src=\"https:\/\/pts.org.pl\/wp-content\/uploads\/2025\/05\/12-maja-2025-1024x576.png\" alt=\"\" data-id=\"7585\" data-full-url=\"https:\/\/pts.org.pl\/wp-content\/uploads\/2025\/05\/12-maja-2025.png\" data-link=\"https:\/\/pts.org.pl\/?attachment_id=7585\" class=\"wp-image-7585\" srcset=\"https:\/\/pts.org.pl\/wp-content\/uploads\/2025\/05\/12-maja-2025-1024x576.png 1024w, https:\/\/pts.org.pl\/wp-content\/uploads\/2025\/05\/12-maja-2025-300x169.png 300w, https:\/\/pts.org.pl\/wp-content\/uploads\/2025\/05\/12-maja-2025-768x432.png 768w, https:\/\/pts.org.pl\/wp-content\/uploads\/2025\/05\/12-maja-2025-1536x864.png 1536w, https:\/\/pts.org.pl\/wp-content\/uploads\/2025\/05\/12-maja-2025.png 1920w\" sizes=\"(max-width: 1024px) 100vw, 1024px\" \/><\/figure><\/li><\/ul><\/figure>\n\n\n\n<p><\/p>\n","protected":false},"excerpt":{"rendered":"<p>Zapraszamy serdecznie na spotkanie z Autorkami ksi\u0105\u017cki\u201eSocjologia m\u0119sko\u015bci. Teorie w badaniach\u201d(Wydawnictwo Uniwersytetu \u0141\u00f3dzkiego, \u0141\u00f3d\u017a 2024)Z dr hab. Urszul\u0105 Kluczy\u0144sk\u0105 oraz dr hab. Ann\u0105 K\u0142onkowsk\u0105 porozmawiadr Krystyna Dzwonkowska-Godula (IS U\u0141). Spotkanie odb\u0119dzie si\u0119 online (MS Teams) 12 maja 2025 o godzinie 18:00. Instytucje organizuj\u0105ce:&nbsp;Oddzia\u0142 \u0141\u00f3dzki Polskiego Towarzystwa Socjologicznego oraz Interdyscyplinarne Seminarium Gender U\u0141. Link do spotkania: [&hellip;]<\/p>\n","protected":false},"author":11,"featured_media":0,"comment_status":"open","ping_status":"open","sticky":false,"template":"","format":"standard","meta":[],"categories":[],"tags":[],"_links":{"self":[{"href":"https:\/\/pts.org.pl\/en\/wp-json\/wp\/v2\/posts\/7584"}],"collection":[{"href":"https:\/\/pts.org.pl\/en\/wp-json\/wp\/v2\/posts"}],"about":[{"href":"https:\/\/pts.org.pl\/en\/wp-json\/wp\/v2\/types\/post"}],"author":[{"embeddable":true,"href":"https:\/\/pts.org.pl\/en\/wp-json\/wp\/v2\/users\/11"}],"replies":[{"embeddable":true,"href":"https:\/\/pts.org.pl\/en\/wp-json\/wp\/v2\/comments?post=7584"}],"version-history":[{"count":1,"href":"https:\/\/pts.org.pl\/en\/wp-json\/wp\/v2\/posts\/7584\/revisions"}],"predecessor-version":[{"id":7586,"href":"https:\/\/pts.org.pl\/en\/wp-json\/wp\/v2\/posts\/7584\/revisions\/7586"}],"wp:attachment":[{"href":"https:\/\/pts.org.pl\/en\/wp-json\/wp\/v2\/media?parent=7584"}],"wp:term":[{"taxonomy":"category","embeddable":true,"href":"https:\/\/pts.org.pl\/en\/wp-json\/wp\/v2\/categories?post=7584"},{"taxonomy":"post_tag","embeddable":true,"href":"https:\/\/pts.org.pl\/en\/wp-json\/wp\/v2\/tags?post=7584"}],"curies":[{"name":"wp","href":"https:\/\/api.w.org\/{rel}","templated":true}]}}