{"id":7555,"date":"2025-03-17T12:47:07","date_gmt":"2025-03-17T12:47:07","guid":{"rendered":"https:\/\/pts.org.pl\/?p=7555"},"modified":"2026-03-02T10:08:19","modified_gmt":"2026-03-02T10:08:19","slug":"podaruj-pts-15-podatku","status":"publish","type":"post","link":"https:\/\/pts.org.pl\/en\/podaruj-pts-15-podatku\/","title":{"rendered":"Podaruj PTS 1,5% podatku"},"content":{"rendered":"<div class=\"fcbkbttn_buttons_block\" id=\"fcbkbttn_left\"><div class=\"fcbkbttn_button\">\n                            <a href=\"https:\/\/www.facebook.com\/\" target=\"_blank\">\n                                <img src=\"https:\/\/pts.org.pl\/wp-content\/plugins\/facebook-button-plugin\/images\/standard-facebook-ico.png\" alt=\"Fb-Button\" \/>\n                            <\/a>\n                        <\/div><div class=\"fcbkbttn_like \"><fb:like href=\"https:\/\/pts.org.pl\/en\/podaruj-pts-15-podatku\/\" action=\"like\" colorscheme=\"light\" layout=\"button_count\"  size=\"small\"><\/fb:like><\/div><\/div>\n<p>Kole\u017canki i Koledzy,<\/p>\n\n\n\n<p>W zwi\u0105zku z\u00a0trwaj\u0105cym sezonem rozlicze\u0144 podatkowych\u00a0w imieniu\u00a0Zarz\u0105du\u00a0G\u0142\u00f3wnego\u00a0PTS zwracam\u00a0si\u0119 do Was z pro\u015bb\u0105 o przekazywanie 1,5% podatku dochodowego na rzecz Polskiego Towarzystwa Socjologicznego.<\/p>\n\n\n\n<p>Aby przekaza\u0107 Polskiemu Towarzystwu Socjologicznemu 1,5% swojego podatku dochodowego, nale\u017cy w zeznaniu rocznym (PIT) wskaza\u0107 Polskie Towarzystwo Socjologiczne jako beneficjenta 1,5% odpisu podatkowego. W tym celu wystarczy w odpowiedniej rubryce poda\u0107 przypisany Towarzystwu numer KRS: 0000073055 oraz wskaza\u0107 kwot\u0119, kt\u00f3r\u0105 chcemy przekaza\u0107 PTS-owi. Kwota ta nie mo\u017ce przekracza\u0107 1,5% nale\u017cnego podatku, wynikaj\u0105cego z zeznania podatkowego, po zaokr\u0105gleniu do pe\u0142nych dziesi\u0105tek groszy w d\u00f3\u0142.<\/p>\n\n\n\n<p>Gor\u0105co prosimy r\u00f3wnie\u017c o pomoc w rozpropagowaniu niniejszego apelu, przekazanie go wszystkim, tak\u017ce niezrzeszonym, socjolo\u017ckom i socjologom.<\/p>\n\n\n\n<p>Skarbnik &nbsp;PTS<\/p>\n\n\n\n<p>Katarzyna Drzewek<\/p>\n","protected":false},"excerpt":{"rendered":"<p>Kole\u017canki i Koledzy, W zwi\u0105zku z\u00a0trwaj\u0105cym sezonem rozlicze\u0144 podatkowych\u00a0w imieniu\u00a0Zarz\u0105du\u00a0G\u0142\u00f3wnego\u00a0PTS zwracam\u00a0si\u0119 do Was z pro\u015bb\u0105 o przekazywanie 1,5% podatku dochodowego na rzecz Polskiego Towarzystwa Socjologicznego. Aby przekaza\u0107 Polskiemu Towarzystwu Socjologicznemu 1,5% swojego podatku dochodowego, nale\u017cy w zeznaniu rocznym (PIT) wskaza\u0107 Polskie Towarzystwo Socjologiczne jako beneficjenta 1,5% odpisu podatkowego. W tym celu wystarczy w odpowiedniej rubryce [&hellip;]<\/p>\n","protected":false},"author":11,"featured_media":0,"comment_status":"open","ping_status":"open","sticky":false,"template":"","format":"standard","meta":[],"categories":[],"tags":[],"_links":{"self":[{"href":"https:\/\/pts.org.pl\/en\/wp-json\/wp\/v2\/posts\/7555"}],"collection":[{"href":"https:\/\/pts.org.pl\/en\/wp-json\/wp\/v2\/posts"}],"about":[{"href":"https:\/\/pts.org.pl\/en\/wp-json\/wp\/v2\/types\/post"}],"author":[{"embeddable":true,"href":"https:\/\/pts.org.pl\/en\/wp-json\/wp\/v2\/users\/11"}],"replies":[{"embeddable":true,"href":"https:\/\/pts.org.pl\/en\/wp-json\/wp\/v2\/comments?post=7555"}],"version-history":[{"count":2,"href":"https:\/\/pts.org.pl\/en\/wp-json\/wp\/v2\/posts\/7555\/revisions"}],"predecessor-version":[{"id":7967,"href":"https:\/\/pts.org.pl\/en\/wp-json\/wp\/v2\/posts\/7555\/revisions\/7967"}],"wp:attachment":[{"href":"https:\/\/pts.org.pl\/en\/wp-json\/wp\/v2\/media?parent=7555"}],"wp:term":[{"taxonomy":"category","embeddable":true,"href":"https:\/\/pts.org.pl\/en\/wp-json\/wp\/v2\/categories?post=7555"},{"taxonomy":"post_tag","embeddable":true,"href":"https:\/\/pts.org.pl\/en\/wp-json\/wp\/v2\/tags?post=7555"}],"curies":[{"name":"wp","href":"https:\/\/api.w.org\/{rel}","templated":true}]}}