{"id":7527,"date":"2025-02-04T17:23:00","date_gmt":"2025-02-04T17:23:00","guid":{"rendered":"https:\/\/pts.org.pl\/?p=7527"},"modified":"2025-02-07T17:46:36","modified_gmt":"2025-02-07T17:46:36","slug":"pomoc-spoleczna-i-praca-socjalna-w-czasach-kryzysu-filozofia-i-pragmatyka-reinstytucjonalizacji","status":"publish","type":"post","link":"https:\/\/pts.org.pl\/en\/pomoc-spoleczna-i-praca-socjalna-w-czasach-kryzysu-filozofia-i-pragmatyka-reinstytucjonalizacji\/","title":{"rendered":"Pomoc spo\u0142eczna i praca socjalna w czasach kryzysu. Filozofia i pragmatyka reinstytucjonalizacji"},"content":{"rendered":"<div class=\"fcbkbttn_buttons_block\" id=\"fcbkbttn_left\"><div class=\"fcbkbttn_button\">\n                            <a href=\"https:\/\/www.facebook.com\/\" target=\"_blank\">\n                                <img src=\"https:\/\/pts.org.pl\/wp-content\/plugins\/facebook-button-plugin\/images\/standard-facebook-ico.png\" alt=\"Fb-Button\" \/>\n                            <\/a>\n                        <\/div><div class=\"fcbkbttn_like \"><fb:like href=\"https:\/\/pts.org.pl\/en\/pomoc-spoleczna-i-praca-socjalna-w-czasach-kryzysu-filozofia-i-pragmatyka-reinstytucjonalizacji\/\" action=\"like\" colorscheme=\"light\" layout=\"button_count\"  size=\"small\"><\/fb:like><\/div><\/div>\n<p>W dniach&nbsp;<strong>18-20 marca 2025 roku w Krakowie<\/strong>&nbsp;odb\u0119d\u0105 si\u0119 trzy \u2013 r\u00f3\u017cne w swej formie \u2013 spotkania dyskusyjne pod og\u00f3lnym tytu\u0142em&nbsp;<strong><em>Pomoc spo\u0142eczna i praca socjalna w czasach kryzysu. Filozofia i pragmatyka reinstytucjonalizacji:<\/em><\/strong>&nbsp;<\/p>\n\n\n\n<p><strong>Konferencja. 18 marca 2025 r., godz. 10.00 &#8211; 15.30.<\/strong>&nbsp;Urz\u0105d Miasta Krakowa, Plac Wszystkich \u015awi\u0119tych 3-4<\/p>\n\n\n\n<p><strong>Dyskusja panelowa 19 marca 2025 r., godz. 18.00 &#8211; 19.30.<\/strong>&nbsp;Streaming na&nbsp;<a href=\"https:\/\/www.youtube.com\/@livecwd\/featured\" target=\"_blank\" rel=\"noreferrer noopener\">kanale&nbsp;Centrum Wsparcia Dydaktyki UJ<\/a>&nbsp;na Youtube<\/p>\n\n\n\n<p><strong>Dyskusja nad badaniem. 20 marca 2025 r., godz.&nbsp;16.00 &#8211; 18.00.<\/strong>&nbsp;Collegium Maius UJ, Sala Bobrzy\u0144skiego, ul. Jagiello\u0144ska 15<\/p>\n\n\n\n<p>Spo\u015br\u00f3d wielu okoliczno\u015bci, kt\u00f3re sta\u0142y si\u0119 przyczyn\u0105 ich organizacji wskazuj\u0119 przede wszystkim na 55-lecie Instytutu Socjologii UJ, w kt\u00f3rym od 1988 roku prowadzone s\u0105 studia wy\u017csze oraz badania w zakresie pracy socjalnej. Drug\u0105 \u2013 niebywale znacz\u0105c\u0105 przyczyn\u0105 \u2013 jest 100-lecie kszta\u0142cenia do pracy socjalnej w Polsce zainicjowane w warszawskim Studium Pracy Spo\u0142eczno-O\u015bwiatowej przy Wolnej Wszechnicy Polskiej w 1925 roku, jak r\u00f3wnie\u017c w krakowskiej Szkole Pracy Spo\u0142ecznej im. Adriana Baranieckiego. I wreszcie trzeci\u0105 przes\u0142ank\u0105 motywuj\u0105c\u0105 do przygotowania przestrzeni dla debaty jest przypadaj\u0105cy 18 marca \u015awiatowy Dzie\u0144 Pracy Socjalnej, kt\u00f3ry obchodzimy w ramach X Tygodnia Pracy Socjalnej pod patronatem Polskiego Stowarzyszenia Szk\u00f3\u0142 Pracy Socjalnej.&nbsp;<\/p>\n\n\n\n<p><strong><em>Pomoc spo\u0142eczna i praca socjalna w czasach kryzysu&#8230;<\/em><\/strong><em>&nbsp;<\/em>jest zaproszeniem do dyskusji nad reinstytucjonalizacj\u0105 pomocy spo\u0142ecznej i pracy socjalnej; jej celem jest krytyczna ocena podstawowych w\u0142asno\u015bci polskiej pomocy spo\u0142ecznej i pracy socjalnej, ale r\u00f3wnie\u017c formu\u0142owanie rekomendacji dla wzmacniania odporno\u015bci organizacji pomocowych w spo\u0142ecze\u0144stwie kryzysu.&nbsp;<\/p>\n\n\n\n<p><strong>Szczeg\u00f3\u0142owe informacje, w tym formularze rejestracyjne:<\/strong>\u00a0\u00a0<a rel=\"noreferrer noopener\" href=\"https:\/\/socjologia.uj.edu.pl\/pszpips\/reinstytucjonalizacja\" target=\"_blank\">https:\/\/socjologia.uj.edu.pl\/pszpips\/reinstytucjonalizacja<\/a><\/p>\n\n\n\n<p><strong>Serdecznie zapraszam,\u00a0<\/strong><\/p>\n\n\n\n<p><strong>dr hab. Hubert Kaszy\u0144ski, prof. UJ<\/strong><\/p>\n\n\n\n<p><strong>Pracownia Socjologii Zdrowia Psychicznego i Pracy Socjalnej IS UJ\u00a0<\/strong><\/p>\n","protected":false},"excerpt":{"rendered":"<p>W dniach&nbsp;18-20 marca 2025 roku w Krakowie&nbsp;odb\u0119d\u0105 si\u0119 trzy \u2013 r\u00f3\u017cne w swej formie \u2013 spotkania dyskusyjne pod og\u00f3lnym tytu\u0142em&nbsp;Pomoc spo\u0142eczna i praca socjalna w czasach kryzysu. Filozofia i pragmatyka reinstytucjonalizacji:&nbsp; Konferencja. 18 marca 2025 r., godz. 10.00 &#8211; 15.30.&nbsp;Urz\u0105d Miasta Krakowa, Plac Wszystkich \u015awi\u0119tych 3-4 Dyskusja panelowa 19 marca 2025 r., godz. 18.00 &#8211; [&hellip;]<\/p>\n","protected":false},"author":11,"featured_media":0,"comment_status":"open","ping_status":"open","sticky":false,"template":"","format":"standard","meta":[],"categories":[],"tags":[],"_links":{"self":[{"href":"https:\/\/pts.org.pl\/en\/wp-json\/wp\/v2\/posts\/7527"}],"collection":[{"href":"https:\/\/pts.org.pl\/en\/wp-json\/wp\/v2\/posts"}],"about":[{"href":"https:\/\/pts.org.pl\/en\/wp-json\/wp\/v2\/types\/post"}],"author":[{"embeddable":true,"href":"https:\/\/pts.org.pl\/en\/wp-json\/wp\/v2\/users\/11"}],"replies":[{"embeddable":true,"href":"https:\/\/pts.org.pl\/en\/wp-json\/wp\/v2\/comments?post=7527"}],"version-history":[{"count":2,"href":"https:\/\/pts.org.pl\/en\/wp-json\/wp\/v2\/posts\/7527\/revisions"}],"predecessor-version":[{"id":7530,"href":"https:\/\/pts.org.pl\/en\/wp-json\/wp\/v2\/posts\/7527\/revisions\/7530"}],"wp:attachment":[{"href":"https:\/\/pts.org.pl\/en\/wp-json\/wp\/v2\/media?parent=7527"}],"wp:term":[{"taxonomy":"category","embeddable":true,"href":"https:\/\/pts.org.pl\/en\/wp-json\/wp\/v2\/categories?post=7527"},{"taxonomy":"post_tag","embeddable":true,"href":"https:\/\/pts.org.pl\/en\/wp-json\/wp\/v2\/tags?post=7527"}],"curies":[{"name":"wp","href":"https:\/\/api.w.org\/{rel}","templated":true}]}}