{"id":7492,"date":"2025-01-02T12:47:59","date_gmt":"2025-01-02T12:47:59","guid":{"rendered":"https:\/\/pts.org.pl\/?p=7492"},"modified":"2025-01-02T12:48:01","modified_gmt":"2025-01-02T12:48:01","slug":"kto-dominuje-w-polskim-dyskursie-medialnym-profil-ideologiczny-polskiej-infosfery-torun-14-01-2025","status":"publish","type":"post","link":"https:\/\/pts.org.pl\/en\/kto-dominuje-w-polskim-dyskursie-medialnym-profil-ideologiczny-polskiej-infosfery-torun-14-01-2025\/","title":{"rendered":"Kto dominuje w polskim dyskursie medialnym? Profil ideologiczny polskiej infosfery (Toru\u0144, 14.01.2025)"},"content":{"rendered":"<div class=\"fcbkbttn_buttons_block\" id=\"fcbkbttn_left\"><div class=\"fcbkbttn_button\">\n                            <a href=\"https:\/\/www.facebook.com\/\" target=\"_blank\">\n                                <img src=\"https:\/\/pts.org.pl\/wp-content\/plugins\/facebook-button-plugin\/images\/standard-facebook-ico.png\" alt=\"Fb-Button\" \/>\n                            <\/a>\n                        <\/div><div class=\"fcbkbttn_like \"><fb:like href=\"https:\/\/pts.org.pl\/en\/kto-dominuje-w-polskim-dyskursie-medialnym-profil-ideologiczny-polskiej-infosfery-torun-14-01-2025\/\" action=\"like\" colorscheme=\"light\" layout=\"button_count\"  size=\"small\"><\/fb:like><\/div><\/div>\n<p>Oddzia\u0142 toru\u0144ski&nbsp;PTS zaprasza na seminarium naukowe wsp\u00f3\u0142organizowane wraz z Instytutem Socjologii UMK, w ramach kt\u00f3rego referat pt.&nbsp;<em>Kto dominuje w polskim dyskursie medialnym? Profil ideologiczny polskiej infosfery&nbsp;<\/em>wyg\u0142osz\u0105 Beata Kr\u00f3licka, Andrzej Meler i Rados\u0142aw Sojak.&nbsp;&nbsp;<\/p>\n\n\n\n<p>Spotkanie odb\u0119dzie si\u0119\u00a0<strong>14 stycznia 2025 roku o godz. 13:15 w czytelni bibliotecznej Collegium Minus\u00a0<\/strong>(tzw. harmonijka).\u00a0<\/p>\n\n\n\n<div class=\"wp-block-file\"><a href=\"https:\/\/pts.org.pl\/wp-content\/uploads\/2025\/01\/Kto-dominuje-w-polskim-dyskursie-medialnym_abstrakt-seminarium-IS.docx\">Kto-dominuje-w-polskim-dyskursie-medialnym_abstrakt-seminarium-IS<\/a><a href=\"https:\/\/pts.org.pl\/wp-content\/uploads\/2025\/01\/Kto-dominuje-w-polskim-dyskursie-medialnym_abstrakt-seminarium-IS.docx\" class=\"wp-block-file__button\" download>Pobierz<\/a><\/div>\n","protected":false},"excerpt":{"rendered":"<p>Oddzia\u0142 toru\u0144ski&nbsp;PTS zaprasza na seminarium naukowe wsp\u00f3\u0142organizowane wraz z Instytutem Socjologii UMK, w ramach kt\u00f3rego referat pt.&nbsp;Kto dominuje w polskim dyskursie medialnym? Profil ideologiczny polskiej infosfery&nbsp;wyg\u0142osz\u0105 Beata Kr\u00f3licka, Andrzej Meler i Rados\u0142aw Sojak.&nbsp;&nbsp; Spotkanie odb\u0119dzie si\u0119\u00a014 stycznia 2025 roku o godz. 13:15 w czytelni bibliotecznej Collegium Minus\u00a0(tzw. harmonijka).\u00a0<\/p>\n","protected":false},"author":11,"featured_media":0,"comment_status":"open","ping_status":"open","sticky":false,"template":"","format":"standard","meta":[],"categories":[],"tags":[],"_links":{"self":[{"href":"https:\/\/pts.org.pl\/en\/wp-json\/wp\/v2\/posts\/7492"}],"collection":[{"href":"https:\/\/pts.org.pl\/en\/wp-json\/wp\/v2\/posts"}],"about":[{"href":"https:\/\/pts.org.pl\/en\/wp-json\/wp\/v2\/types\/post"}],"author":[{"embeddable":true,"href":"https:\/\/pts.org.pl\/en\/wp-json\/wp\/v2\/users\/11"}],"replies":[{"embeddable":true,"href":"https:\/\/pts.org.pl\/en\/wp-json\/wp\/v2\/comments?post=7492"}],"version-history":[{"count":1,"href":"https:\/\/pts.org.pl\/en\/wp-json\/wp\/v2\/posts\/7492\/revisions"}],"predecessor-version":[{"id":7494,"href":"https:\/\/pts.org.pl\/en\/wp-json\/wp\/v2\/posts\/7492\/revisions\/7494"}],"wp:attachment":[{"href":"https:\/\/pts.org.pl\/en\/wp-json\/wp\/v2\/media?parent=7492"}],"wp:term":[{"taxonomy":"category","embeddable":true,"href":"https:\/\/pts.org.pl\/en\/wp-json\/wp\/v2\/categories?post=7492"},{"taxonomy":"post_tag","embeddable":true,"href":"https:\/\/pts.org.pl\/en\/wp-json\/wp\/v2\/tags?post=7492"}],"curies":[{"name":"wp","href":"https:\/\/api.w.org\/{rel}","templated":true}]}}