{"id":7486,"date":"2024-12-17T14:03:00","date_gmt":"2024-12-17T14:03:00","guid":{"rendered":"https:\/\/pts.org.pl\/?p=7486"},"modified":"2024-12-19T14:06:23","modified_gmt":"2024-12-19T14:06:23","slug":"seminarium-naukowe-sekcji-socjologii-zdrowia-i-medycyny-pts-20-12-2024","status":"publish","type":"post","link":"https:\/\/pts.org.pl\/en\/seminarium-naukowe-sekcji-socjologii-zdrowia-i-medycyny-pts-20-12-2024\/","title":{"rendered":"Seminarium Naukowe Sekcji Socjologii Zdrowia i Medycyny PTS; 20.12.2024"},"content":{"rendered":"<div class=\"fcbkbttn_buttons_block\" id=\"fcbkbttn_left\"><div class=\"fcbkbttn_button\">\n                            <a href=\"https:\/\/www.facebook.com\/\" target=\"_blank\">\n                                <img src=\"https:\/\/pts.org.pl\/wp-content\/plugins\/facebook-button-plugin\/images\/standard-facebook-ico.png\" alt=\"Fb-Button\" \/>\n                            <\/a>\n                        <\/div><div class=\"fcbkbttn_like \"><fb:like href=\"https:\/\/pts.org.pl\/en\/seminarium-naukowe-sekcji-socjologii-zdrowia-i-medycyny-pts-20-12-2024\/\" action=\"like\" colorscheme=\"light\" layout=\"button_count\"  size=\"small\"><\/fb:like><\/div><\/div>\n<p>Szanowni Pa\u0144stwo,<\/p>\n\n\n\n<p>Serdecznie zapraszamy na ostatnie w tym roku Seminarium Naukowe Sekcji Socjologii Zdrowia i Medycyny PTS.<\/p>\n\n\n\n<p>Tytu\u0142 seminarium brzmi \u201e<strong>Medykalizacja niepe\u0142nosprawno\u015bci w Polsce i na Litwie: od przesz\u0142o\u015bci ku przysz\u0142o\u015bci\u201d<\/strong>, a wyk\u0142ad wyg\u0142osz\u0105&nbsp;<strong>dr Tomasz Kasprzak<\/strong>&nbsp;z Instytutu Socjologii, Uniwersytetu \u015al\u0105skiego w Katowicach oraz&nbsp;<strong>dr Salom\u0117ja Karasevi\u010di\u016bt\u0117<\/strong>&nbsp;z Kauno Kolegija Higher Education Institution.<\/p>\n\n\n\n<p>Spotkanie odb\u0119dzie si\u0119&nbsp; 20.12.2024 r. w godzinach 16.00-17.30 w formule online.<\/p>\n\n\n\n<p>Link do spotkania na platformie Google Meet: &nbsp;<a href=\"https:\/\/l.facebook.com\/l.php?u=https%3A%2F%2Fmeet.google.com%2Fuzc-fhyb-hjb%3Ffbclid%3DIwZXh0bgNhZW0CMTAAAR25XVi8Oe5fljMioLK5oCoYpiqP6fjwDqEZt8kOR9hSM5TB9ToUMITZpII_aem_0K4LO9pbPxDBcVI-_tfvfw&amp;h=AT0_RobQWwfeISIP4mCdbbXlOy0_3CiQq8C3TaFcVlIECaLXeLSMvz2Y7uMk7KEscqWSth1v7JpIGtY8wDR5I81Wry6JWkVNiHE96A75oL1wvKhLhLNS8pCNFR8V2zasLU2PiZM5saoyMV1NooZD&amp;__tn__=-UK-R&amp;c%5b0%5d=AT1qV4z8FHQldyCSi_tw-IHuq92D8MncCtzRqOxRz1nKdA-xBigZ7MvCwUvbIXgXOsMfkuHrZAo7wZyI8IscyaT9ShwPORvLKuTL8F4xYbKUybfVHEZNpbDuW78VW7fOjxNnu_CYoeZ7ZydQlHQZl5Kt71R58GTx7LDkATB9yJZNJbHTzzsw0FGhuB2dZvHfB8WKOdhTnizPyBtZuoowNBe1MglSj59eTWFRBUe3b0Nqi_zw6RKoGv8\" target=\"_blank\" rel=\"noreferrer noopener\">https:\/\/meet.google.com\/uzc-fhyb-hjb<\/a><\/p>\n\n\n\n<p>Wi\u0119cej szczeg\u00f3\u0142\u00f3w znajduje si\u0119 w za\u0142\u0105czniku<\/p>\n\n\n\n<p>Serdecznie zapraszamy!<\/p>\n\n\n\n<p>Z wyrazami szacunku oraz pozdrowieniami<\/p>\n\n\n\n<p><em>dr hab. Ma\u0142gorzata Synowiec-Pi\u0142at<\/em><\/p>\n\n\n\n<p><em>dr Krzysztof Puchalski&nbsp;&nbsp;<\/em><\/p>\n\n\n\n<p><em>dr Agnieszka Borowiec<\/em><\/p>\n\n\n\n<p>Zarz\u0105d Sekcji SZiM PTS<\/p>\n\n\n\n<div class=\"wp-block-file\"><object class=\"wp-block-file__embed\" data=\"https:\/\/pts.org.pl\/wp-content\/uploads\/2024\/12\/10.-SEMINARUM-SSZIM-PROGRAM1-1.pdf\" type=\"application\/pdf\" style=\"width:100%;height:600px\" aria-label=\"Osadzone z 10.-SEMINARUM-SSZIM-PROGRAM1-1.\"><\/object><a href=\"https:\/\/pts.org.pl\/wp-content\/uploads\/2024\/12\/10.-SEMINARUM-SSZIM-PROGRAM1-1.pdf\">10.-SEMINARUM-SSZIM-PROGRAM1-1<\/a><a href=\"https:\/\/pts.org.pl\/wp-content\/uploads\/2024\/12\/10.-SEMINARUM-SSZIM-PROGRAM1-1.pdf\" class=\"wp-block-file__button\" download>Pobierz<\/a><\/div>\n","protected":false},"excerpt":{"rendered":"<p>Szanowni Pa\u0144stwo, Serdecznie zapraszamy na ostatnie w tym roku Seminarium Naukowe Sekcji Socjologii Zdrowia i Medycyny PTS. Tytu\u0142 seminarium brzmi \u201eMedykalizacja niepe\u0142nosprawno\u015bci w Polsce i na Litwie: od przesz\u0142o\u015bci ku przysz\u0142o\u015bci\u201d, a wyk\u0142ad wyg\u0142osz\u0105&nbsp;dr Tomasz Kasprzak&nbsp;z Instytutu Socjologii, Uniwersytetu \u015al\u0105skiego w Katowicach oraz&nbsp;dr Salom\u0117ja Karasevi\u010di\u016bt\u0117&nbsp;z Kauno Kolegija Higher Education Institution. Spotkanie odb\u0119dzie si\u0119&nbsp; 20.12.2024 r. [&hellip;]<\/p>\n","protected":false},"author":11,"featured_media":0,"comment_status":"open","ping_status":"open","sticky":false,"template":"","format":"standard","meta":[],"categories":[],"tags":[],"_links":{"self":[{"href":"https:\/\/pts.org.pl\/en\/wp-json\/wp\/v2\/posts\/7486"}],"collection":[{"href":"https:\/\/pts.org.pl\/en\/wp-json\/wp\/v2\/posts"}],"about":[{"href":"https:\/\/pts.org.pl\/en\/wp-json\/wp\/v2\/types\/post"}],"author":[{"embeddable":true,"href":"https:\/\/pts.org.pl\/en\/wp-json\/wp\/v2\/users\/11"}],"replies":[{"embeddable":true,"href":"https:\/\/pts.org.pl\/en\/wp-json\/wp\/v2\/comments?post=7486"}],"version-history":[{"count":1,"href":"https:\/\/pts.org.pl\/en\/wp-json\/wp\/v2\/posts\/7486\/revisions"}],"predecessor-version":[{"id":7488,"href":"https:\/\/pts.org.pl\/en\/wp-json\/wp\/v2\/posts\/7486\/revisions\/7488"}],"wp:attachment":[{"href":"https:\/\/pts.org.pl\/en\/wp-json\/wp\/v2\/media?parent=7486"}],"wp:term":[{"taxonomy":"category","embeddable":true,"href":"https:\/\/pts.org.pl\/en\/wp-json\/wp\/v2\/categories?post=7486"},{"taxonomy":"post_tag","embeddable":true,"href":"https:\/\/pts.org.pl\/en\/wp-json\/wp\/v2\/tags?post=7486"}],"curies":[{"name":"wp","href":"https:\/\/api.w.org\/{rel}","templated":true}]}}