{"id":7481,"date":"2024-12-18T09:46:17","date_gmt":"2024-12-18T09:46:17","guid":{"rendered":"https:\/\/pts.org.pl\/?p=7481"},"modified":"2024-12-18T09:46:19","modified_gmt":"2024-12-18T09:46:19","slug":"zaproszenie-na-debate-o-debacie-publicznej-spoleczenstwo-obywatelskie-oczko-w-glowie-czy-sol-w-oku-politykow","status":"publish","type":"post","link":"https:\/\/pts.org.pl\/en\/zaproszenie-na-debate-o-debacie-publicznej-spoleczenstwo-obywatelskie-oczko-w-glowie-czy-sol-w-oku-politykow\/","title":{"rendered":"Zaproszenie na Debat\u0119 o debacie publicznej: Spo\u0142ecze\u0144stwo obywatelskie &#8211; oczko w g\u0142owie czy s\u00f3l w oku polityk\u00f3w?"},"content":{"rendered":"<div class=\"fcbkbttn_buttons_block\" id=\"fcbkbttn_left\"><div class=\"fcbkbttn_button\">\n                            <a href=\"https:\/\/www.facebook.com\/\" target=\"_blank\">\n                                <img src=\"https:\/\/pts.org.pl\/wp-content\/plugins\/facebook-button-plugin\/images\/standard-facebook-ico.png\" alt=\"Fb-Button\" \/>\n                            <\/a>\n                        <\/div><div class=\"fcbkbttn_like \"><fb:like href=\"https:\/\/pts.org.pl\/en\/zaproszenie-na-debate-o-debacie-publicznej-spoleczenstwo-obywatelskie-oczko-w-glowie-czy-sol-w-oku-politykow\/\" action=\"like\" colorscheme=\"light\" layout=\"button_count\"  size=\"small\"><\/fb:like><\/div><\/div>\n<p>Drogie Kole\u017canki i Koledzy,<\/p>\n\n\n\n<p>Sekcja Bada\u0144 Komunikacji Spo\u0142ecznej PTS zaprasza na&nbsp;<strong>V Debat\u0119 o debacie publicznej: Spo\u0142ecze\u0144stwo obywatelskie &#8211; oczko w g\u0142owie czy s\u00f3l w oku polityk\u00f3w?<\/strong><\/p>\n\n\n\n<p>Spotkanie odb\u0119dzie si\u0119 w&nbsp;<strong>czwartek 19 grudnia, o godz. 17:30 w Faktycznym Domu Kultury,<\/strong><\/p>\n\n\n\n<p><strong>ul. Ga\u0142czy\u0144skiego 12 w Warszawie.<\/strong><\/p>\n\n\n\n<p>Spo\u0142ecze\u0144stwo obywatelskie od lat odgrywa kluczow\u0105 rol\u0119 w kszta\u0142towaniu \u017cycia publicznego, b\u0119d\u0105c zar\u00f3wno narz\u0119dziem mobilizacji, jak i \u015brodkiem legitymizacji politycznych decyzji. Politycy ch\u0119tnie wspieraj\u0105 inicjatywy obywatelskie lub wykorzystuj\u0105 etykiet\u0119 obywatelsko\u015bci dla swoich cel\u00f3w. Jednocze\u015bnie, od lat 90. XX wieku, inicjatywy spo\u0142eczne musia\u0142y nieustannie walczy\u0107 o uznanie i pozytywny wizerunek. W ostatnich latach obserwujemy coraz bardziej polaryzuj\u0105ce debaty, kt\u00f3re cz\u0119sto stygmatyzuj\u0105 wybrane \u015brodowiska aktywistyczne, jak np. Komitet Obrony Demokracji, sympatyk\u00f3w Radia Maryja czy Ostatnie Pokolenie.<\/p>\n\n\n\n<p><br>Niedawno kontrowersje wzbudzi\u0142a dyskusja wok\u00f3\u0142 rz\u0105dowej strategii migracyjnej, w kt\u00f3rej ze strony polityk\u00f3w pad\u0142y oskar\u017cenia o oderwanie aktywist\u00f3w od rzeczywisto\u015bci. Po opublikowaniu strategii organizacje pozarz\u0105dowe w apelu do premiera zwr\u00f3ci\u0142y uwag\u0119, \u017ce dokumentu nie poddano konsultacjom spo\u0142ecznym. Alarmowa\u0142y te\u017c w sprawie atmosfery nagonki i lekcewa\u017cenia wobec organizacji pomagaj\u0105cym uchod\u017acom i migrantom. Dyskusja ta odby\u0142a si\u0119 w kontek\u015bcie rocznicy rz\u0105d\u00f3w Koalicji Obywatelskiej, kt\u00f3ra w swej walce politycznej z Prawem i Sprawiedliwo\u015bci\u0105 czerpa\u0142a si\u0142\u0119 z mobilizacji obywatelskiej. Rosn\u0105ce rozczarowanie cz\u0119\u015bci tego \u015brodowiska wskazuje na napi\u0119cia mi\u0119dzy spo\u0142ecznymi oczekiwaniami a polityczn\u0105 rzeczywisto\u015bci\u0105, w kt\u00f3rej energia obywatelska nie znajduje odpowiednich kana\u0142\u00f3w do wsp\u00f3\u0142udzia\u0142u w rz\u0105dzeniu.<\/p>\n\n\n\n<p><br>Podczas kolejnej debaty o debacie publicznej chcemy porozmawia\u0107 o relacjach spo\u0142ecze\u0144stwa obywatelskiego z rz\u0105dz\u0105cymi. Interesowa\u0107 b\u0119dzie nas szczeg\u00f3lnie to, jak spo\u0142ecze\u0144stwo obywatelskie jest opisywane i oceniane w przestrzeni publicznej przez polityk\u00f3w. Czy polityczki i politycy traktuj\u0105 \u015brodowisko aktywistyczne serio, czy instrumentalnie? Czy r\u00f3\u017cni\u0105 si\u0119 mi\u0119dzy sob\u0105 pod tym wzgl\u0119dem, czy stosunek spo\u0142ecze\u0144stwa obywatelskiego nie ma politycznych barw? Czy polaryzacja polityczna wp\u0142ywa na dyskusje o spo\u0142ecze\u0144stwie obywatelskim? I jakie to ma konsekwencje dla sp\u00f3jno\u015bci ruch\u00f3w\/organizacji obywatelskich?<\/p>\n\n\n\n<p><br><strong>W rozmowie udzia\u0142 wezm\u0105:<\/strong><\/p>\n\n\n\n<p><br><strong>Konrad Burdyka<\/strong>&nbsp;\u2013 socjolog, pracuje jako adiunkt w Instytucie Nauk Socjologicznych i Pedagogiki SGGW oraz g\u0142\u00f3wny specjalista ds. bada\u0144 i analiz w Narodowym Instytucie Wolno\u015bci &#8211; Centrum Rozwoju Spo\u0142ecze\u0144stwa Obywatelskiego. W przesz\u0142o\u015bci zwi\u0105zany zawodowo z Polsk\u0105 Akademi\u0105 Nauk. Specjalizuje si\u0119 w zagadnieniach dotycz\u0105cych spo\u0142ecznych i kulturowych przeobra\u017ce\u0144 polskiej wsi oraz dzia\u0142alno\u015bci wiejskich organizacji pozarz\u0105dowych. Pe\u0142ni funkcj\u0119 przewodnicz\u0105cego Sekcji Socjologii Wsi i Rolnictwa Polskiego Towarzystwa Socjologicznego. W chwilach wolnych zaanga\u017cowany w rozw\u00f3j sportu wiejskiego i aktywizacj\u0119 spo\u0142eczno\u015bci lokalnych.<\/p>\n\n\n\n<p><br><strong>Magdalena Chrzczonowicz<\/strong>&nbsp;\u2013 naczelna OKO.press, redaktorka, dziennikarka. W OKO.press od pocz\u0105tku, pisze o prawach cz\u0142owieka, szczeg\u00f3lnie prawach kobiet i os\u00f3b uchod\u017aczych, polityce i migracji. Nominowana do nagrody Pi\u00f3ro Nadziei 2023 Amnesty International i do Nagrody Radia ZET im. Andrzeja Woyciechowskiego w 2023 r. Wcze\u015bniej przez 10 lat pracowa\u0142a w organizacjach pozarz\u0105dowych (m.in. Humanity in Action Polska, Centrum Edukacji Obywatelskiej) przy projektach spo\u0142ecznych i badawczych.<\/p>\n\n\n\n<p><br><strong>Agnieszka Czerederecka<\/strong>&nbsp;\u2013 aktywistka, buntowniczka, warszawianka. Wsp\u00f3\u0142za\u0142o\u017cycielka i jedna z liderek Warszawski Strajk Kobiet. Organizatorka kilkuset demonstracji, marsz\u00f3w i happening\u00f3w w Warszawie, w tym Czarnego Poniedzia\u0142ku &#8216;2016 na pl. Zamkowym w Warszawie, 90-tysi\u0119cznego marszu w #CzarnyPi\u0105tek 23 marca 2018 r. czy ponad stu dni protest\u00f3w po og\u0142oszeniu &#8220;wyroku&#8221; Przy\u0142\u0119bskiej 22\/10\/2020. To ona koordynowa\u0142a przez 40 dni wsparcie protestu rodzic\u00f3w dzieci z niepe\u0142nosprawno\u015bciami w Sejmie (18 kwietnia-27 maja). Pomys\u0142odawczyni i liderka projektu Kole\u017canki S\u0105siadki. W\u0142a\u015bcicielka g\u0142osu jak dzwon Zygmunta, kt\u00f3rym pali g\u0142o\u015bniki na protestach. Prywatnie \u2013 kocha psy. Czworono\u017cne!<\/p>\n\n\n\n<p><br><strong>Andrzej Jurowski<\/strong>&nbsp;\u2013 wsp\u00f3\u0142za\u0142o\u017cyciel Ostatniego Pokolenia, wcze\u015bniej zwi\u0105zany z M\u0142odzie\u017cowym Strajkiem Klimatycznym i Inicjatyw\u0105 Pracownicz\u0105. Studiuje na Uniwersytecie Warszawskim na kierunku Socjologia stosowana i antropologia spo\u0142eczna.<\/p>\n\n\n\n<p><br><strong>Iwona M\u0142o\u017aniak<\/strong>&nbsp;\u2013 cz\u0142onkini SBKS PTS, Socjolo\u017cka i filozofka. Pracuje z Zak\u0142adzie Socjologii w Medycyny Collegium Medicum Uniwersytetu Jagiello\u0144skiego. W pracy badawczej zajmuje si\u0119 m.in. analiz\u0105 dyskursu polityk publicznych dotycz\u0105cych starzenia si\u0119.<\/p>\n\n\n\n<p><br>Spotkanie poprowadz\u0105\u00a0<strong>Magdalena Nowicka-Franczak (U\u0141) i Anna Radiukiewicz (IFiS PAN)<\/strong><\/p>\n\n\n\n<figure class=\"wp-block-gallery columns-1 is-cropped\"><ul class=\"blocks-gallery-grid\"><li class=\"blocks-gallery-item\"><figure><img loading=\"lazy\" width=\"1024\" height=\"1024\" src=\"https:\/\/pts.org.pl\/wp-content\/uploads\/2024\/12\/Debata-o-debacie-19.12.2024-1024x1024.jpg\" alt=\"\" data-id=\"7482\" data-full-url=\"https:\/\/pts.org.pl\/wp-content\/uploads\/2024\/12\/Debata-o-debacie-19.12.2024.jpg\" data-link=\"https:\/\/pts.org.pl\/?attachment_id=7482\" class=\"wp-image-7482\" srcset=\"https:\/\/pts.org.pl\/wp-content\/uploads\/2024\/12\/Debata-o-debacie-19.12.2024-1024x1024.jpg 1024w, https:\/\/pts.org.pl\/wp-content\/uploads\/2024\/12\/Debata-o-debacie-19.12.2024-300x300.jpg 300w, https:\/\/pts.org.pl\/wp-content\/uploads\/2024\/12\/Debata-o-debacie-19.12.2024-150x150.jpg 150w, https:\/\/pts.org.pl\/wp-content\/uploads\/2024\/12\/Debata-o-debacie-19.12.2024-768x768.jpg 768w, https:\/\/pts.org.pl\/wp-content\/uploads\/2024\/12\/Debata-o-debacie-19.12.2024.jpg 1080w\" sizes=\"(max-width: 1024px) 100vw, 1024px\" \/><\/figure><\/li><\/ul><\/figure>\n","protected":false},"excerpt":{"rendered":"<p>Drogie Kole\u017canki i Koledzy, Sekcja Bada\u0144 Komunikacji Spo\u0142ecznej PTS zaprasza na&nbsp;V Debat\u0119 o debacie publicznej: Spo\u0142ecze\u0144stwo obywatelskie &#8211; oczko w g\u0142owie czy s\u00f3l w oku polityk\u00f3w? Spotkanie odb\u0119dzie si\u0119 w&nbsp;czwartek 19 grudnia, o godz. 17:30 w Faktycznym Domu Kultury, ul. Ga\u0142czy\u0144skiego 12 w Warszawie. Spo\u0142ecze\u0144stwo obywatelskie od lat odgrywa kluczow\u0105 rol\u0119 w kszta\u0142towaniu \u017cycia publicznego, [&hellip;]<\/p>\n","protected":false},"author":11,"featured_media":0,"comment_status":"open","ping_status":"open","sticky":false,"template":"","format":"standard","meta":[],"categories":[],"tags":[],"_links":{"self":[{"href":"https:\/\/pts.org.pl\/en\/wp-json\/wp\/v2\/posts\/7481"}],"collection":[{"href":"https:\/\/pts.org.pl\/en\/wp-json\/wp\/v2\/posts"}],"about":[{"href":"https:\/\/pts.org.pl\/en\/wp-json\/wp\/v2\/types\/post"}],"author":[{"embeddable":true,"href":"https:\/\/pts.org.pl\/en\/wp-json\/wp\/v2\/users\/11"}],"replies":[{"embeddable":true,"href":"https:\/\/pts.org.pl\/en\/wp-json\/wp\/v2\/comments?post=7481"}],"version-history":[{"count":1,"href":"https:\/\/pts.org.pl\/en\/wp-json\/wp\/v2\/posts\/7481\/revisions"}],"predecessor-version":[{"id":7483,"href":"https:\/\/pts.org.pl\/en\/wp-json\/wp\/v2\/posts\/7481\/revisions\/7483"}],"wp:attachment":[{"href":"https:\/\/pts.org.pl\/en\/wp-json\/wp\/v2\/media?parent=7481"}],"wp:term":[{"taxonomy":"category","embeddable":true,"href":"https:\/\/pts.org.pl\/en\/wp-json\/wp\/v2\/categories?post=7481"},{"taxonomy":"post_tag","embeddable":true,"href":"https:\/\/pts.org.pl\/en\/wp-json\/wp\/v2\/tags?post=7481"}],"curies":[{"name":"wp","href":"https:\/\/api.w.org\/{rel}","templated":true}]}}