{"id":7461,"date":"2024-12-05T15:29:02","date_gmt":"2024-12-05T15:29:02","guid":{"rendered":"https:\/\/pts.org.pl\/?p=7461"},"modified":"2024-12-05T15:29:04","modified_gmt":"2024-12-05T15:29:04","slug":"sekcja-socjologii-niepelnosprawnosci-spotkanie-autorskie-9-xii-2024-godz-1600","status":"publish","type":"post","link":"https:\/\/pts.org.pl\/en\/sekcja-socjologii-niepelnosprawnosci-spotkanie-autorskie-9-xii-2024-godz-1600\/","title":{"rendered":"Sekcja Socjologii Niepe\u0142nosprawno\u015bci, spotkanie autorskie, 9 XII 2024, godz. 16:00"},"content":{"rendered":"<div class=\"fcbkbttn_buttons_block\" id=\"fcbkbttn_left\"><div class=\"fcbkbttn_button\">\n                            <a href=\"https:\/\/www.facebook.com\/\" target=\"_blank\">\n                                <img src=\"https:\/\/pts.org.pl\/wp-content\/plugins\/facebook-button-plugin\/images\/standard-facebook-ico.png\" alt=\"Fb-Button\" \/>\n                            <\/a>\n                        <\/div><div class=\"fcbkbttn_like \"><fb:like href=\"https:\/\/pts.org.pl\/en\/sekcja-socjologii-niepelnosprawnosci-spotkanie-autorskie-9-xii-2024-godz-1600\/\" action=\"like\" colorscheme=\"light\" layout=\"button_count\"  size=\"small\"><\/fb:like><\/div><\/div>\n<p>Zapraszamy serdecznie na spotkanie autorskie, kt\u00f3re mo\u017ce zainteresowa\u0107 osoby zajmuj\u0105ce si\u0119 tematyk\u0105 wsparcia os\u00f3b z niepe\u0142nosprawno\u015bciami, zmianami w polityce spo\u0142ecznej oraz deinstytucjonalizacj\u0105.<\/p>\n\n\n\n<p><strong>Szczeg\u00f3\u0142y wydarzenia:<\/strong><\/p>\n\n\n\n<p>\u00b7\u00a0<strong>Kiedy?<\/strong>\u00a09 grudnia 2024 r. (poniedzia\u0142ek)<\/p>\n\n\n\n<p>\u00b7\u00a0<strong>O kt\u00f3rej?<\/strong>\u00a0Godz. 16:00<\/p>\n\n\n\n<p>\u00b7\u00a0<strong>Gdzie?<\/strong>\u00a0Online, platforma MS Teams<\/p>\n\n\n\n<p>Go\u015bciem spotkania b\u0119dzie dr Zbigniew G\u0142\u0105b (Uniwersytet \u0141\u00f3dzki), autor ksi\u0105\u017cki&nbsp;<em>\u201eMi\u0119dzy ideologi\u0105 a utopi\u0105. Deinstytucjonalizacja wybranych us\u0142ug dla os\u00f3b z niepe\u0142nosprawno\u015bciami w Polsce. Perspektywa socjologii wiedzy\u201d<\/em>.<\/p>\n\n\n\n<p>Rozmow\u0119 z autorem poprowadzi dr hab. Mariola Rac\u0142aw, prof. UW (Uniwersytet Warszawski).<\/p>\n\n\n\n<p><strong>Link do wydarzenia:<\/strong>&nbsp;<a href=\"https:\/\/tiny.pl\/fm-wjr96\" target=\"_blank\" rel=\"noreferrer noopener\">https:\/\/tiny.pl\/fm-wjr96<\/a><\/p>\n\n\n\n<p>To wyj\u0105tkowa okazja do zg\u0142\u0119bienia kluczowych zagadnie\u0144 dotycz\u0105cych wsparcia os\u00f3b z niepe\u0142nosprawno\u015bciami w Polsce, om\u00f3wienia wyzwa\u0144 zwi\u0105zanych z procesem deinstytucjonalizacji oraz refleksji nad spo\u0142ecznymi zmianami kszta\u0142tuj\u0105cymi nowe podej\u015bcia w polityce spo\u0142ecznej.<\/p>\n\n\n\n<p>Serdecznie zapraszamy do udzia\u0142u w spotkaniu i dyskusji.<\/p>\n","protected":false},"excerpt":{"rendered":"<p>Zapraszamy serdecznie na spotkanie autorskie, kt\u00f3re mo\u017ce zainteresowa\u0107 osoby zajmuj\u0105ce si\u0119 tematyk\u0105 wsparcia os\u00f3b z niepe\u0142nosprawno\u015bciami, zmianami w polityce spo\u0142ecznej oraz deinstytucjonalizacj\u0105. Szczeg\u00f3\u0142y wydarzenia: \u00b7\u00a0Kiedy?\u00a09 grudnia 2024 r. (poniedzia\u0142ek) \u00b7\u00a0O kt\u00f3rej?\u00a0Godz. 16:00 \u00b7\u00a0Gdzie?\u00a0Online, platforma MS Teams Go\u015bciem spotkania b\u0119dzie dr Zbigniew G\u0142\u0105b (Uniwersytet \u0141\u00f3dzki), autor ksi\u0105\u017cki&nbsp;\u201eMi\u0119dzy ideologi\u0105 a utopi\u0105. Deinstytucjonalizacja wybranych us\u0142ug dla os\u00f3b z [&hellip;]<\/p>\n","protected":false},"author":11,"featured_media":0,"comment_status":"open","ping_status":"open","sticky":false,"template":"","format":"standard","meta":[],"categories":[],"tags":[],"_links":{"self":[{"href":"https:\/\/pts.org.pl\/en\/wp-json\/wp\/v2\/posts\/7461"}],"collection":[{"href":"https:\/\/pts.org.pl\/en\/wp-json\/wp\/v2\/posts"}],"about":[{"href":"https:\/\/pts.org.pl\/en\/wp-json\/wp\/v2\/types\/post"}],"author":[{"embeddable":true,"href":"https:\/\/pts.org.pl\/en\/wp-json\/wp\/v2\/users\/11"}],"replies":[{"embeddable":true,"href":"https:\/\/pts.org.pl\/en\/wp-json\/wp\/v2\/comments?post=7461"}],"version-history":[{"count":1,"href":"https:\/\/pts.org.pl\/en\/wp-json\/wp\/v2\/posts\/7461\/revisions"}],"predecessor-version":[{"id":7462,"href":"https:\/\/pts.org.pl\/en\/wp-json\/wp\/v2\/posts\/7461\/revisions\/7462"}],"wp:attachment":[{"href":"https:\/\/pts.org.pl\/en\/wp-json\/wp\/v2\/media?parent=7461"}],"wp:term":[{"taxonomy":"category","embeddable":true,"href":"https:\/\/pts.org.pl\/en\/wp-json\/wp\/v2\/categories?post=7461"},{"taxonomy":"post_tag","embeddable":true,"href":"https:\/\/pts.org.pl\/en\/wp-json\/wp\/v2\/tags?post=7461"}],"curies":[{"name":"wp","href":"https:\/\/api.w.org\/{rel}","templated":true}]}}