{"id":7451,"date":"2024-11-29T12:30:51","date_gmt":"2024-11-29T12:30:51","guid":{"rendered":"https:\/\/pts.org.pl\/?p=7451"},"modified":"2024-11-29T12:30:53","modified_gmt":"2024-11-29T12:30:53","slug":"seminarium-sekcji-socjologii-nauki-2","status":"publish","type":"post","link":"https:\/\/pts.org.pl\/en\/seminarium-sekcji-socjologii-nauki-2\/","title":{"rendered":"Seminarium Sekcji Socjologii Nauki"},"content":{"rendered":"<div class=\"fcbkbttn_buttons_block\" id=\"fcbkbttn_left\"><div class=\"fcbkbttn_button\">\n                            <a href=\"https:\/\/www.facebook.com\/\" target=\"_blank\">\n                                <img src=\"https:\/\/pts.org.pl\/wp-content\/plugins\/facebook-button-plugin\/images\/standard-facebook-ico.png\" alt=\"Fb-Button\" \/>\n                            <\/a>\n                        <\/div><div class=\"fcbkbttn_like \"><fb:like href=\"https:\/\/pts.org.pl\/en\/seminarium-sekcji-socjologii-nauki-2\/\" action=\"like\" colorscheme=\"light\" layout=\"button_count\"  size=\"small\"><\/fb:like><\/div><\/div>\n<p>We wtorek 10 grudnia 2024 r. o godzinie 17:00 na platformie Zoom odb\u0119dzie si\u0119 Seminarium Sekcji Socjologii Nauki, w czasie kt\u00f3rego&nbsp;Kol. Kamil \u0141uczaj z Katedry Socjologii Kultury U\u0141 przedstawi referat:<\/p>\n\n\n\n<p><strong>Pracownicy akademiccy jako grupa mniejszo\u015bciowa?&nbsp;\u201eNiestandardowe\u201d kariery zawodowe w polskim systemie szkolnictwa wy\u017cszego.<\/strong><\/p>\n\n\n\n<p>Komentarz wyg\u0142osi Kol. Krzysztof Wasielewski z Katedry Bada\u0144 nad Nauk\u0105 i Szkolnictwem Wy\u017cszym UMK.<\/p>\n\n\n\n<p>Zapraszamy serdecznie.<\/p>\n\n\n\n<p>Za\u0142\u0105czam link do Zooma:<\/p>\n\n\n\n<p><a href=\"https:\/\/us06web.zoom.us\/j\/82142548281?pwd=jK3m3SmsDuaMWJtCSoi5GbDTp8KeiR.1\">https:\/\/us06web.zoom.us\/j\/82142548281?pwd=jK3m3SmsDuaMWJtCSoi5GbDTp8KeiR.1<\/a><\/p>\n","protected":false},"excerpt":{"rendered":"<p>We wtorek 10 grudnia 2024 r. o godzinie 17:00 na platformie Zoom odb\u0119dzie si\u0119 Seminarium Sekcji Socjologii Nauki, w czasie kt\u00f3rego&nbsp;Kol. Kamil \u0141uczaj z Katedry Socjologii Kultury U\u0141 przedstawi referat: Pracownicy akademiccy jako grupa mniejszo\u015bciowa?&nbsp;\u201eNiestandardowe\u201d kariery zawodowe w polskim systemie szkolnictwa wy\u017cszego. Komentarz wyg\u0142osi Kol. Krzysztof Wasielewski z Katedry Bada\u0144 nad Nauk\u0105 i Szkolnictwem Wy\u017cszym [&hellip;]<\/p>\n","protected":false},"author":11,"featured_media":0,"comment_status":"open","ping_status":"open","sticky":false,"template":"","format":"standard","meta":[],"categories":[],"tags":[],"_links":{"self":[{"href":"https:\/\/pts.org.pl\/en\/wp-json\/wp\/v2\/posts\/7451"}],"collection":[{"href":"https:\/\/pts.org.pl\/en\/wp-json\/wp\/v2\/posts"}],"about":[{"href":"https:\/\/pts.org.pl\/en\/wp-json\/wp\/v2\/types\/post"}],"author":[{"embeddable":true,"href":"https:\/\/pts.org.pl\/en\/wp-json\/wp\/v2\/users\/11"}],"replies":[{"embeddable":true,"href":"https:\/\/pts.org.pl\/en\/wp-json\/wp\/v2\/comments?post=7451"}],"version-history":[{"count":1,"href":"https:\/\/pts.org.pl\/en\/wp-json\/wp\/v2\/posts\/7451\/revisions"}],"predecessor-version":[{"id":7452,"href":"https:\/\/pts.org.pl\/en\/wp-json\/wp\/v2\/posts\/7451\/revisions\/7452"}],"wp:attachment":[{"href":"https:\/\/pts.org.pl\/en\/wp-json\/wp\/v2\/media?parent=7451"}],"wp:term":[{"taxonomy":"category","embeddable":true,"href":"https:\/\/pts.org.pl\/en\/wp-json\/wp\/v2\/categories?post=7451"},{"taxonomy":"post_tag","embeddable":true,"href":"https:\/\/pts.org.pl\/en\/wp-json\/wp\/v2\/tags?post=7451"}],"curies":[{"name":"wp","href":"https:\/\/api.w.org\/{rel}","templated":true}]}}