{"id":7446,"date":"2024-11-26T11:10:06","date_gmt":"2024-11-26T11:10:06","guid":{"rendered":"https:\/\/pts.org.pl\/?p=7446"},"modified":"2024-11-26T11:10:08","modified_gmt":"2024-11-26T11:10:08","slug":"zaproszenie-na-seminarium-lekturowe-sbks-9-grudnia","status":"publish","type":"post","link":"https:\/\/pts.org.pl\/en\/zaproszenie-na-seminarium-lekturowe-sbks-9-grudnia\/","title":{"rendered":"Zaproszenie na seminarium lekturowe SBKS &#8211; 9 grudnia"},"content":{"rendered":"<div class=\"fcbkbttn_buttons_block\" id=\"fcbkbttn_left\"><div class=\"fcbkbttn_button\">\n                            <a href=\"https:\/\/www.facebook.com\/\" target=\"_blank\">\n                                <img src=\"https:\/\/pts.org.pl\/wp-content\/plugins\/facebook-button-plugin\/images\/standard-facebook-ico.png\" alt=\"Fb-Button\" \/>\n                            <\/a>\n                        <\/div><div class=\"fcbkbttn_like \"><fb:like href=\"https:\/\/pts.org.pl\/en\/zaproszenie-na-seminarium-lekturowe-sbks-9-grudnia\/\" action=\"like\" colorscheme=\"light\" layout=\"button_count\"  size=\"small\"><\/fb:like><\/div><\/div>\n<p class=\"has-text-align-center\">Zapraszamy na kolejne seminarium lekturowe SBKS PTS, kt\u00f3re odb\u0119dzie si\u0119&nbsp;<strong>09.12.24 w godz. 13.30-15.30.<\/strong><\/p>\n\n\n\n<p class=\"has-text-align-center\"><strong>Parezja. M\u00f3wienie prawdy a kondycja demokracji<\/strong><\/p>\n\n\n\n<p>Proponujemy lektur\u0119 jednego z wyk\u0142ad\u00f3w wyg\u0142oszonych przez Michela Foucaulta w Coll\u00e8ge de France w cyklu 1982\u20131983. Zajmiemy si\u0119 wyst\u0105pieniem z 2 lutego 1983 r., w kt\u00f3rym Foucault omawia zwi\u0105zki mi\u0119dzy parezj\u0105 a staro\u017cytn\u0105 demokracj\u0105 greck\u0105. W swoim wyk\u0142adzie Foucault zajmuje si\u0119 zwi\u0105zkami parezji z porz\u0105dkiem demokratycznym. Interesuje go polityczny u\u017cytek z mowy oraz uczestnictwo w \u017cyciu publicznym za pomoc\u0105 wypowiadania prawdy przed innymi. Wyk\u0142ad jest podzielony na dwie cz\u0119\u015bci i zach\u0119camy do lektury ich obu. Przy czym podczas spotkania skupimy si\u0119 zw\u0142aszcza na cz\u0119\u015bci drugiej i tych jej fragmentach, kt\u00f3re dotycz\u0105 tzw. dobrej parezji (189\u2013192) i z\u0142ej parezji (198\u2013200). Oba fragmenty zaznaczone s\u0105 w za\u0142\u0105czonym pliku strza\u0142kami umieszczonymi na marginesach stron. Te fragmenty s\u0105 \u015bci\u015ble powi\u0105zane z kontekstem ca\u0142ego wyk\u0142adu. W nich jednak Foucault teoretycznie syntetyzuje swoje uj\u0119cie staro\u017cytnej praktyki parezji, przedstawia przyk\u0142ady dobrej parezji oraz stopniowe przekszta\u0142canie si\u0119 jej w z\u0142\u0105 parezj\u0119, kt\u00f3ra niszczy demokracj\u0119.<\/p>\n\n\n\n<p><strong>Seminarium odb\u0119dzie si\u0119 online, na platformie MS Teams. Link do spotkania zostanie przes\u0142any osobom, kt\u00f3re zarejestruj\u0105 si\u0119 do 8 grudnia. Po zarejestrowaniu otrzymaj\u0105 Pa\u0144stwo dost\u0119p do wybranych fragment\u00f3w tekstu. Formularz rejestracyjny:&nbsp;<\/strong><a href=\"https:\/\/forms.gle\/2fa49Q1jCENiFYvQ9\" target=\"_blank\" rel=\"noreferrer noopener\">https:\/\/forms.gle\/2fa49Q1jCENiFYvQ9<\/a><\/p>\n\n\n\n<p>z powa\u017caniem&nbsp;<\/p>\n\n\n\n<p>w imieniu zarz\u0105du sekcji<\/p>\n\n\n\n<p>Agnieszka Kampka i Barbara Markowska-Marczak<\/p>\n","protected":false},"excerpt":{"rendered":"<p>Zapraszamy na kolejne seminarium lekturowe SBKS PTS, kt\u00f3re odb\u0119dzie si\u0119&nbsp;09.12.24 w godz. 13.30-15.30. Parezja. M\u00f3wienie prawdy a kondycja demokracji Proponujemy lektur\u0119 jednego z wyk\u0142ad\u00f3w wyg\u0142oszonych przez Michela Foucaulta w Coll\u00e8ge de France w cyklu 1982\u20131983. Zajmiemy si\u0119 wyst\u0105pieniem z 2 lutego 1983 r., w kt\u00f3rym Foucault omawia zwi\u0105zki mi\u0119dzy parezj\u0105 a staro\u017cytn\u0105 demokracj\u0105 greck\u0105. W [&hellip;]<\/p>\n","protected":false},"author":11,"featured_media":0,"comment_status":"open","ping_status":"open","sticky":false,"template":"","format":"standard","meta":[],"categories":[],"tags":[],"_links":{"self":[{"href":"https:\/\/pts.org.pl\/en\/wp-json\/wp\/v2\/posts\/7446"}],"collection":[{"href":"https:\/\/pts.org.pl\/en\/wp-json\/wp\/v2\/posts"}],"about":[{"href":"https:\/\/pts.org.pl\/en\/wp-json\/wp\/v2\/types\/post"}],"author":[{"embeddable":true,"href":"https:\/\/pts.org.pl\/en\/wp-json\/wp\/v2\/users\/11"}],"replies":[{"embeddable":true,"href":"https:\/\/pts.org.pl\/en\/wp-json\/wp\/v2\/comments?post=7446"}],"version-history":[{"count":1,"href":"https:\/\/pts.org.pl\/en\/wp-json\/wp\/v2\/posts\/7446\/revisions"}],"predecessor-version":[{"id":7447,"href":"https:\/\/pts.org.pl\/en\/wp-json\/wp\/v2\/posts\/7446\/revisions\/7447"}],"wp:attachment":[{"href":"https:\/\/pts.org.pl\/en\/wp-json\/wp\/v2\/media?parent=7446"}],"wp:term":[{"taxonomy":"category","embeddable":true,"href":"https:\/\/pts.org.pl\/en\/wp-json\/wp\/v2\/categories?post=7446"},{"taxonomy":"post_tag","embeddable":true,"href":"https:\/\/pts.org.pl\/en\/wp-json\/wp\/v2\/tags?post=7446"}],"curies":[{"name":"wp","href":"https:\/\/api.w.org\/{rel}","templated":true}]}}