{"id":7444,"date":"2024-11-25T10:46:45","date_gmt":"2024-11-25T10:46:45","guid":{"rendered":"https:\/\/pts.org.pl\/?p=7444"},"modified":"2024-11-25T10:46:46","modified_gmt":"2024-11-25T10:46:46","slug":"zaproszenie-socjologia-kryzysu-co-sie-dzieje-z-religia-w-polsce","status":"publish","type":"post","link":"https:\/\/pts.org.pl\/en\/zaproszenie-socjologia-kryzysu-co-sie-dzieje-z-religia-w-polsce\/","title":{"rendered":"Zaproszenie &#8220;Socjologia kryzysu: Co si\u0119 dzieje z religi\u0105 w Polsce?&#8221;"},"content":{"rendered":"<div class=\"fcbkbttn_buttons_block\" id=\"fcbkbttn_left\"><div class=\"fcbkbttn_button\">\n                            <a href=\"https:\/\/www.facebook.com\/\" target=\"_blank\">\n                                <img src=\"https:\/\/pts.org.pl\/wp-content\/plugins\/facebook-button-plugin\/images\/standard-facebook-ico.png\" alt=\"Fb-Button\" \/>\n                            <\/a>\n                        <\/div><div class=\"fcbkbttn_like \"><fb:like href=\"https:\/\/pts.org.pl\/en\/zaproszenie-socjologia-kryzysu-co-sie-dzieje-z-religia-w-polsce\/\" action=\"like\" colorscheme=\"light\" layout=\"button_count\"  size=\"small\"><\/fb:like><\/div><\/div>\n<p>Oddzia\u0142 Krakowski Polskiego Towarzystwa Socjologicznego i Instytut Socjologii Uniwersytetu Jagiello\u0144skiego zapraszaj\u0105 na spotkanie naukowe i dyskusj\u0119 w ramach cyklu Wieczory socjologiczne:&nbsp;<strong>&nbsp;\u201eSocjologia kryzysu: Co si\u0119 dzieje z religi\u0105 w Polsce?\u201d<\/strong><\/p>\n\n\n\n<p><strong>5 grudnia 2024 (czwartek), godzina 18.00<\/strong>, Instytut Socjologii UJ, Grodzka 52, czytelnia Biblioteki IS UJ (tzw. sala kominkowa), I p.<\/p>\n\n\n\n<p>Wydarzenie na FB:&nbsp;<a href=\"https:\/\/www.facebook.com\/events\/1620132538852406\" target=\"_blank\" rel=\"noreferrer noopener\">https:\/\/www.facebook.com\/events\/1620132538852406<\/a><\/p>\n\n\n\n<p>Na to, \u017ce z religi\u0105 \u201eco\u015b si\u0119 w Polsce dzieje\u201d wskazuj\u0105 zar\u00f3wno wyniki bada\u0144 spo\u0142ecznych, dyskurs publiczny, jak i szeroko pojmowane dzia\u0142ania polityczne ostatnich lat, w\u0142\u0105czaj\u0105c w to mobilizacje i ruchy spo\u0142eczne. Wyniki bada\u0144 ilo\u015bciowych pokazuj\u0105, \u017ce obraz Polski jako wysoce religijnego, katolickiego kraju potrzebuje zniuansowania. Gwa\u0142townie spada poziom praktyk religijnych, nieco wolniejszy, ale tak\u017ce dostrzegalny jest spadek deklaracji wiary (ro\u015bnie m.in. liczba os\u00f3b uznaj\u0105cych si\u0119 za niewierz\u0105ce). Zmiany te szczeg\u00f3lnie widoczne s\u0105 w wielkich miastach i w\u015br\u00f3d os\u00f3b m\u0142odych. Polacy krytycznie odnosz\u0105 si\u0119 do obecno\u015bci religii w sferze publicznej, w szczeg\u00f3lno\u015bci do ingerencji przedstawicieli instytucji religijnych w tworzenie prawa i pr\u00f3b wp\u0142ywania na preferencje wyborcze elektoratu.&nbsp;<\/p>\n\n\n\n<p>Refleksja nad przemianami religijno\u015bci nie wyczerpuje jednak odpowiedzi na pytanie o to, co dzieje si\u0119 z religi\u0105 w naszym kraju. W trakcie naszego spotkania, chcemy bli\u017cej przyjrze\u0107 si\u0119 temu, jak\u0105 funkcj\u0119 pe\u0142ni religia, i jak rozumiana, w r\u00f3\u017cnych obszarach \u017cycia spo\u0142ecznego w Polsce. Jakim transformacjom ulega, np. w kontek\u015bcie zmian spo\u0142ecznych, politycznych i technologicznych? W dyskusji odnosi\u0107 si\u0119 b\u0119dziemy zar\u00f3wno do religii (dot\u0105d) dominuj\u0105cej, a wi\u0119c rzymskiego katolicyzmu, ale spr\u00f3bujemy spojrze\u0107 tak\u017ce poza \u201ecentrum\u201d \u2013 na rol\u0119 religii mniejszo\u015bciowych i \u015bwiatopogl\u0105d\u00f3w alternatywnych wobec religii jako takiej.<\/p>\n\n\n\n<p>W dyskusji udzia\u0142 wezm\u0105:<\/p>\n\n\n\n<p><strong>dr Marta Ko\u0142odziejska<\/strong>&nbsp;&#8211; doktor nauk socjologicznych, badaczka mediatyzacji religii i duchowo\u015bci, adiunktka na Wydziale Socjologii Uniwersytetu Warszawskiego. Jej zainteresowania naukowe koncentruj\u0105 si\u0119 wok\u00f3\u0142 badania przemian wp\u0142ywu nowych medi\u00f3w i nowych technologii na instytucje, wsp\u00f3lnoty i praktyki religijne, a tak\u017ce na r\u00f3\u017cne formy duchowo\u015bci. Bada\u0142a m.in. tworzenie wsp\u00f3lnot na katolickich forach internetowych, aplikacj\u0119 do mindfulness, czy korzystanie z medi\u00f3w cyfrowych przez mniejszo\u015bci wyznaniowe w Polsce i Wielkiej Brytanii.&nbsp;Jej ostatnia publikacja to &#8220;Cultural and Theological Influences on Religious Engagement with Digital Media during COVID-19: A Comparative Study of Churches in Poland and Ireland&#8221; (Ko\u0142odziejska, Mandes, Rabiej-Sienicka, 2024).<\/p>\n\n\n\n<p><strong>dr hab. S\u0142awomir Mandes&nbsp;<\/strong>\u2013 socjolog, pracuje na Wydziale Socjologii Uniwersytetu Warszawskiego. Interesuje si\u0119 socjologi\u0105 religii, metodologi\u0105 bada\u0144 spo\u0142ecznych, problematyk\u0105 \u017cycia lokalnego. Autor ksi\u0105\u017cek (m.in. Kapita\u0142 spo\u0142eczny w ma\u0142ych miastach (wsp\u00f3\u0142autor) 2005, \u015awiat prze\u017cywany w socjologii 2012, Miejsce religii w spo\u0142ecze\u0144stwie 2016, Spo\u0142ecze\u0144stwo na zakr\u0119cie (wsp\u00f3\u0142autor)) i wielu artyku\u0142\u00f3w. Ostatnio opublikowa\u0142 \u201cW stron\u0119 nowej metodologii analizy tre\u015bci. Podobie\u0144stwa i r\u00f3\u017cnice pomi\u0119dzy modelowaniem tematycznym i jako\u015bciow\u0105 analiz\u0105 tre\u015bci\u201d (z Agnieszka Karli\u0144ska), Przegl\u0105d Socjologii Jako\u015bciowej, 2024.<\/p>\n\n\n\n<p><strong>dr hab. Katarzyna Zieli\u0144ska, prof. UJ&nbsp;<\/strong>\u2013 socjolo\u017cka,pracuje w Instytucie Socjologii Uniwersytetu Jagiello\u0144skiego.&nbsp;Jej zainteresowania badawcze koncentruj\u0105 si\u0119 na zwi\u0105zkach pomi\u0119dzy religi\u0105, p\u0142ci\u0105 i polityk\u0105 we wsp\u00f3\u0142czesnej Europie. Autorka i wsp\u00f3\u0142autorka artyku\u0142\u00f3w publikowanych w krajowych i mi\u0119dzynarodowych czasopismach (m.in. w \u201eSociology of Religion\u201d, \u201eReligion, State and Society\u201d, \u201eJournal of Contemporary Religion\u201d i in.) oraz redaktorka i autorka ksi\u0105\u017cek (np. \u201eW walce o hegemoni\u0119? Religia w polskiej sferze publicznej na przyk\u0142adzie debat sejmowych\u201d [2018]). Obecnie kieruje projektem \u201e&#8221;Praktyki sekularno\u015bci w katolickiej Polsce: wytwarzanie nowego porz\u0105dku spo\u0142ecznego?&#8221;, finansowanym ze \u015brodk\u00f3w Narodowego Centrum Nauki.<\/p>\n\n\n\n<p>Prowadzenie:&nbsp;<strong>dr Anna&nbsp;Szwed<\/strong>&nbsp;(OK, PTS, Instytut Socjologii UJ)<\/p>\n\n\n\n<p>Zapraszamy!&nbsp;<\/p>\n\n\n\n<p>Zarz\u0105d Oddzia\u0142u Krakowskiego<\/p>\n\n\n\n<p>Polskiego Towarzystwa Socjologicznego<\/p>\n","protected":false},"excerpt":{"rendered":"<p>Oddzia\u0142 Krakowski Polskiego Towarzystwa Socjologicznego i Instytut Socjologii Uniwersytetu Jagiello\u0144skiego zapraszaj\u0105 na spotkanie naukowe i dyskusj\u0119 w ramach cyklu Wieczory socjologiczne:&nbsp;&nbsp;\u201eSocjologia kryzysu: Co si\u0119 dzieje z religi\u0105 w Polsce?\u201d 5 grudnia 2024 (czwartek), godzina 18.00, Instytut Socjologii UJ, Grodzka 52, czytelnia Biblioteki IS UJ (tzw. sala kominkowa), I p. Wydarzenie na FB:&nbsp;https:\/\/www.facebook.com\/events\/1620132538852406 Na to, \u017ce [&hellip;]<\/p>\n","protected":false},"author":11,"featured_media":0,"comment_status":"open","ping_status":"open","sticky":false,"template":"","format":"standard","meta":[],"categories":[],"tags":[],"_links":{"self":[{"href":"https:\/\/pts.org.pl\/en\/wp-json\/wp\/v2\/posts\/7444"}],"collection":[{"href":"https:\/\/pts.org.pl\/en\/wp-json\/wp\/v2\/posts"}],"about":[{"href":"https:\/\/pts.org.pl\/en\/wp-json\/wp\/v2\/types\/post"}],"author":[{"embeddable":true,"href":"https:\/\/pts.org.pl\/en\/wp-json\/wp\/v2\/users\/11"}],"replies":[{"embeddable":true,"href":"https:\/\/pts.org.pl\/en\/wp-json\/wp\/v2\/comments?post=7444"}],"version-history":[{"count":1,"href":"https:\/\/pts.org.pl\/en\/wp-json\/wp\/v2\/posts\/7444\/revisions"}],"predecessor-version":[{"id":7445,"href":"https:\/\/pts.org.pl\/en\/wp-json\/wp\/v2\/posts\/7444\/revisions\/7445"}],"wp:attachment":[{"href":"https:\/\/pts.org.pl\/en\/wp-json\/wp\/v2\/media?parent=7444"}],"wp:term":[{"taxonomy":"category","embeddable":true,"href":"https:\/\/pts.org.pl\/en\/wp-json\/wp\/v2\/categories?post=7444"},{"taxonomy":"post_tag","embeddable":true,"href":"https:\/\/pts.org.pl\/en\/wp-json\/wp\/v2\/tags?post=7444"}],"curies":[{"name":"wp","href":"https:\/\/api.w.org\/{rel}","templated":true}]}}