{"id":7442,"date":"2024-11-25T08:16:17","date_gmt":"2024-11-25T08:16:17","guid":{"rendered":"https:\/\/pts.org.pl\/?p=7442"},"modified":"2024-11-25T08:16:18","modified_gmt":"2024-11-25T08:16:18","slug":"rozstrzygniecie-konkursu-na-stanowisko-redaktora-naczelnego-polish-sociological-review","status":"publish","type":"post","link":"https:\/\/pts.org.pl\/en\/rozstrzygniecie-konkursu-na-stanowisko-redaktora-naczelnego-polish-sociological-review\/","title":{"rendered":"Rozstrzygni\u0119cie konkursu na stanowisko Redaktora Naczelnego Polish Sociological Review"},"content":{"rendered":"<div class=\"fcbkbttn_buttons_block\" id=\"fcbkbttn_left\"><div class=\"fcbkbttn_button\">\n                            <a href=\"https:\/\/www.facebook.com\/\" target=\"_blank\">\n                                <img src=\"https:\/\/pts.org.pl\/wp-content\/plugins\/facebook-button-plugin\/images\/standard-facebook-ico.png\" alt=\"Fb-Button\" \/>\n                            <\/a>\n                        <\/div><div class=\"fcbkbttn_like \"><fb:like href=\"https:\/\/pts.org.pl\/en\/rozstrzygniecie-konkursu-na-stanowisko-redaktora-naczelnego-polish-sociological-review\/\" action=\"like\" colorscheme=\"light\" layout=\"button_count\"  size=\"small\"><\/fb:like><\/div><\/div>\n<p>Kole\u017canki i Koledzy,<\/p>\n\n\n\n<p>Z satysfakcj\u0105 zawiadamiam, \u017ce konkurs na stanowisko redaktora naczelnego\u00a0<em>Polish Sociological Review\u00a0<\/em>zosta\u0142 rozstrzygni\u0119ty.<\/p>\n\n\n\n<p>Na konkurs wp\u0142yn\u0119\u0142y dwa zg\u0142oszenia, z kt\u00f3rymi zapoznali si\u0119 wszyscy cz\u0142onkowie Zarz\u0105du Polskiego Towarzystwa Socjologicznego. Na zebraniu Zarz\u0105du 15 listopada odby\u0142y si\u0119 rozmowy z obiema Kandydatkami. Zarz\u0105d PTS\u00a0<strong>bardzo wysoko oceni\u0142 obie Kandydatki<\/strong>: koncepcje prowadzenia pisma i rozmowy, w czasie kt\u00f3rych Kandydatki raz jeszcze mia\u0142y mo\u017cliwo\u015b\u0107 przedstawi\u0107 swoje pomys\u0142y, odpowiedzie\u0107 na pytania i wys\u0142ucha\u0107 uwag cz\u0142onk\u00f3w Zarz\u0105du. Po d\u0142ugiej dyskusji, w tajnym g\u0142osowaniu, wi\u0119kszo\u015bci\u0105 g\u0142os\u00f3w<strong>\u00a0wskazano na stanowisko redaktora naczelnego\u00a0<em>PSR<\/em>\u00a0pani\u0105 Paul\u0119 Pustu\u0142k\u0119, dr hab., prof. Uniwersytetu SWPS.<\/strong><\/p>\n\n\n\n<p>Pani profesor Pauli Pustu\u0142ce gratulujemy wyboru i \u017cyczymy owocnej pracy dla naszego pisma. S\u0105dz\u0119, \u017ce nie przesadz\u0119, je\u015bli zadeklaruj\u0119 \u2013 w imieniu nas wszystkich \u2013 gotowo\u015b\u0107 do wsp\u00f3\u0142pracy z now\u0105 redaktor naczeln\u0105 i now\u0105 redakcj\u0105\u00a0<em>PSR<\/em>. <\/p>\n\n\n\n<p>Korzystam z okazji, by w imieniu nas wszystkich \u2013 i osobi\u015bcie \u2013 podzi\u0119kowa\u0107 za lata nie\u0142atwej pracy dotychczasowemu redaktorowi naczelnemu prof. Krzysztofowi Zag\u00f3rskiemu oraz jego zast\u0119pcom: prof. Aleksandrowi Manterysowi,\u00a0prof.\u00a0Ireneuszowi Sadowskiemu \u00a0i dr Katarzynie Piotrowskiej.\u00a0\u00a0 \u00a0\u00a0\u00a0<\/p>\n\n\n\n<p><em>Miros\u0142awa Grabowska<\/em><\/p>\n\n\n\n<p>Przewodnicz\u0105ca Polskiego Towarzystwa Socjologicznego\u00a0<\/p>\n","protected":false},"excerpt":{"rendered":"<p>Kole\u017canki i Koledzy, Z satysfakcj\u0105 zawiadamiam, \u017ce konkurs na stanowisko redaktora naczelnego\u00a0Polish Sociological Review\u00a0zosta\u0142 rozstrzygni\u0119ty. Na konkurs wp\u0142yn\u0119\u0142y dwa zg\u0142oszenia, z kt\u00f3rymi zapoznali si\u0119 wszyscy cz\u0142onkowie Zarz\u0105du Polskiego Towarzystwa Socjologicznego. Na zebraniu Zarz\u0105du 15 listopada odby\u0142y si\u0119 rozmowy z obiema Kandydatkami. Zarz\u0105d PTS\u00a0bardzo wysoko oceni\u0142 obie Kandydatki: koncepcje prowadzenia pisma i rozmowy, w czasie kt\u00f3rych [&hellip;]<\/p>\n","protected":false},"author":11,"featured_media":0,"comment_status":"open","ping_status":"open","sticky":false,"template":"","format":"standard","meta":[],"categories":[],"tags":[],"_links":{"self":[{"href":"https:\/\/pts.org.pl\/en\/wp-json\/wp\/v2\/posts\/7442"}],"collection":[{"href":"https:\/\/pts.org.pl\/en\/wp-json\/wp\/v2\/posts"}],"about":[{"href":"https:\/\/pts.org.pl\/en\/wp-json\/wp\/v2\/types\/post"}],"author":[{"embeddable":true,"href":"https:\/\/pts.org.pl\/en\/wp-json\/wp\/v2\/users\/11"}],"replies":[{"embeddable":true,"href":"https:\/\/pts.org.pl\/en\/wp-json\/wp\/v2\/comments?post=7442"}],"version-history":[{"count":1,"href":"https:\/\/pts.org.pl\/en\/wp-json\/wp\/v2\/posts\/7442\/revisions"}],"predecessor-version":[{"id":7443,"href":"https:\/\/pts.org.pl\/en\/wp-json\/wp\/v2\/posts\/7442\/revisions\/7443"}],"wp:attachment":[{"href":"https:\/\/pts.org.pl\/en\/wp-json\/wp\/v2\/media?parent=7442"}],"wp:term":[{"taxonomy":"category","embeddable":true,"href":"https:\/\/pts.org.pl\/en\/wp-json\/wp\/v2\/categories?post=7442"},{"taxonomy":"post_tag","embeddable":true,"href":"https:\/\/pts.org.pl\/en\/wp-json\/wp\/v2\/tags?post=7442"}],"curies":[{"name":"wp","href":"https:\/\/api.w.org\/{rel}","templated":true}]}}