{"id":7432,"date":"2024-11-20T11:16:15","date_gmt":"2024-11-20T11:16:15","guid":{"rendered":"https:\/\/pts.org.pl\/?p=7432"},"modified":"2024-11-20T11:16:17","modified_gmt":"2024-11-20T11:16:17","slug":"dyskusja-czy-warto-jeszcze-badac-biede","status":"publish","type":"post","link":"https:\/\/pts.org.pl\/en\/dyskusja-czy-warto-jeszcze-badac-biede\/","title":{"rendered":"Dyskusja: CZY WARTO JESZCZE BADA\u0106 BIED\u0118?"},"content":{"rendered":"<div class=\"fcbkbttn_buttons_block\" id=\"fcbkbttn_left\"><div class=\"fcbkbttn_button\">\n                            <a href=\"https:\/\/www.facebook.com\/\" target=\"_blank\">\n                                <img src=\"https:\/\/pts.org.pl\/wp-content\/plugins\/facebook-button-plugin\/images\/standard-facebook-ico.png\" alt=\"Fb-Button\" \/>\n                            <\/a>\n                        <\/div><div class=\"fcbkbttn_like \"><fb:like href=\"https:\/\/pts.org.pl\/en\/dyskusja-czy-warto-jeszcze-badac-biede\/\" action=\"like\" colorscheme=\"light\" layout=\"button_count\"  size=\"small\"><\/fb:like><\/div><\/div>\n<p class=\"has-text-align-center\">Oddzia\u0142 \u0141\u00f3dzki PTS oraz Instytut Socjologii U\u0141 zapraszaj\u0105 na dyskusj\u0119:<\/p>\n\n\n\n<p class=\"has-text-align-center\"><strong><em>CZY WARTO JESZCZE BADA\u0106 BIED\u0118?<\/em><\/strong><\/p>\n\n\n\n<p>Jesieni\u0105 tego roku ukaza\u0142a si\u0119 ksi\u0105\u017cka &#8220;Archipelagi wielkomiejskiej biedy&#8221; (WU\u0141 2024) autorstwa Agnieszki Golczy\u0144skiej-Grondas oraz Ma\u0142gorzaty Potocznej, po\u015bwi\u0119cona historii bada\u0144 nad ub\u00f3stwem. Badania te realizowane by\u0142y w Instytucie Socjologii U\u0141 przez zesp\u00f3\u0142 Profesor Wielis\u0142awy Warzywody-Kruszy\u0144skiej, kt\u00f3rej dedykujemy to wydarzenie.<\/p>\n\n\n\n<p>A o tym, czy warto jeszcze bada\u0107 bied\u0119, porozmawiaj\u0105:<\/p>\n\n\n\n<p>Wielis\u0142awa Warzywoda-Kruszy\u0144ska (emerytowana profesor Uniwersytetu \u0141\u00f3dzkiego)<\/p>\n\n\n\n<p>Magdalena B\u0142aszczyk (Regionalne Centrum Polityki Spo\u0142ecznej w \u0141odzi)<\/p>\n\n\n\n<p>Katarzyna G\u00f3rniak (Politechnika Warszawska)<\/p>\n\n\n\n<p>Natalia Martini (Uniwersytet Jagiello\u0144ski)<\/p>\n\n\n\n<p>Marcjanna N\u00f3\u017cka (Uniwersytet Jagiello\u0144ski)<\/p>\n\n\n\n<p>Dyskusj\u0119 poprowadz\u0105 autorki ksi\u0105\u017cki:<\/p>\n\n\n\n<p>Agnieszka Golczy\u0144ska-Grondas (Uniwersytet \u0141\u00f3dzki)<\/p>\n\n\n\n<p>Ma\u0142gorzata Potoczna (Uniwersytet \u0141\u00f3dzki)<\/p>\n\n\n\n<p>Spotkanie odb\u0119dzie si\u0119&nbsp;<strong>4 grudnia 2024<\/strong>&nbsp;<strong>roku w godzinach 15.30-18.00 w sali T401<\/strong>&nbsp;Wydzia\u0142u Ekonomiczno-Socjologicznego U\u0141, przy ul. Rewolucji 1905 r. 41\/43<\/p>\n\n\n\n<p>Link do wydarzenia na Facebooku:\u00a0<a rel=\"noreferrer noopener\" href=\"https:\/\/www.facebook.com\/events\/891947346402211\" target=\"_blank\">https:\/\/www.facebook.com\/events\/891947346402211<\/a><\/p>\n\n\n\n<p><\/p>\n\n\n\n<div class=\"wp-block-file\"><object class=\"wp-block-file__embed\" data=\"https:\/\/pts.org.pl\/wp-content\/uploads\/2024\/11\/czy-warto-jeszcze-badac-biede_plakat.pdf\" type=\"application\/pdf\" style=\"width:100%;height:600px\" aria-label=\"Osadzone z czy-warto-jeszcze-badac-biede_plakat.\"><\/object><a href=\"https:\/\/pts.org.pl\/wp-content\/uploads\/2024\/11\/czy-warto-jeszcze-badac-biede_plakat.pdf\">czy-warto-jeszcze-badac-biede_plakat<\/a><a href=\"https:\/\/pts.org.pl\/wp-content\/uploads\/2024\/11\/czy-warto-jeszcze-badac-biede_plakat.pdf\" class=\"wp-block-file__button\" download>Pobierz<\/a><\/div>\n\n\n\n<p><br><\/p>\n","protected":false},"excerpt":{"rendered":"<p>Oddzia\u0142 \u0141\u00f3dzki PTS oraz Instytut Socjologii U\u0141 zapraszaj\u0105 na dyskusj\u0119: CZY WARTO JESZCZE BADA\u0106 BIED\u0118? Jesieni\u0105 tego roku ukaza\u0142a si\u0119 ksi\u0105\u017cka &#8220;Archipelagi wielkomiejskiej biedy&#8221; (WU\u0141 2024) autorstwa Agnieszki Golczy\u0144skiej-Grondas oraz Ma\u0142gorzaty Potocznej, po\u015bwi\u0119cona historii bada\u0144 nad ub\u00f3stwem. Badania te realizowane by\u0142y w Instytucie Socjologii U\u0141 przez zesp\u00f3\u0142 Profesor Wielis\u0142awy Warzywody-Kruszy\u0144skiej, kt\u00f3rej dedykujemy to wydarzenie. A [&hellip;]<\/p>\n","protected":false},"author":11,"featured_media":0,"comment_status":"open","ping_status":"open","sticky":false,"template":"","format":"standard","meta":[],"categories":[],"tags":[],"_links":{"self":[{"href":"https:\/\/pts.org.pl\/en\/wp-json\/wp\/v2\/posts\/7432"}],"collection":[{"href":"https:\/\/pts.org.pl\/en\/wp-json\/wp\/v2\/posts"}],"about":[{"href":"https:\/\/pts.org.pl\/en\/wp-json\/wp\/v2\/types\/post"}],"author":[{"embeddable":true,"href":"https:\/\/pts.org.pl\/en\/wp-json\/wp\/v2\/users\/11"}],"replies":[{"embeddable":true,"href":"https:\/\/pts.org.pl\/en\/wp-json\/wp\/v2\/comments?post=7432"}],"version-history":[{"count":1,"href":"https:\/\/pts.org.pl\/en\/wp-json\/wp\/v2\/posts\/7432\/revisions"}],"predecessor-version":[{"id":7434,"href":"https:\/\/pts.org.pl\/en\/wp-json\/wp\/v2\/posts\/7432\/revisions\/7434"}],"wp:attachment":[{"href":"https:\/\/pts.org.pl\/en\/wp-json\/wp\/v2\/media?parent=7432"}],"wp:term":[{"taxonomy":"category","embeddable":true,"href":"https:\/\/pts.org.pl\/en\/wp-json\/wp\/v2\/categories?post=7432"},{"taxonomy":"post_tag","embeddable":true,"href":"https:\/\/pts.org.pl\/en\/wp-json\/wp\/v2\/tags?post=7432"}],"curies":[{"name":"wp","href":"https:\/\/api.w.org\/{rel}","templated":true}]}}