{"id":7401,"date":"2024-10-22T13:51:00","date_gmt":"2024-10-22T13:51:00","guid":{"rendered":"https:\/\/pts.org.pl\/?p=7401"},"modified":"2024-10-28T13:55:03","modified_gmt":"2024-10-28T13:55:03","slug":"na-traktorach-czy-na-kolanach-ludowa-historia-kobiet","status":"publish","type":"post","link":"https:\/\/pts.org.pl\/en\/na-traktorach-czy-na-kolanach-ludowa-historia-kobiet\/","title":{"rendered":"&#8220;Na traktorach czy na kolanach? Ludowa historia kobiet&#8221;"},"content":{"rendered":"<div class=\"fcbkbttn_buttons_block\" id=\"fcbkbttn_left\"><div class=\"fcbkbttn_button\">\n                            <a href=\"https:\/\/www.facebook.com\/\" target=\"_blank\">\n                                <img src=\"https:\/\/pts.org.pl\/wp-content\/plugins\/facebook-button-plugin\/images\/standard-facebook-ico.png\" alt=\"Fb-Button\" \/>\n                            <\/a>\n                        <\/div><div class=\"fcbkbttn_like \"><fb:like href=\"https:\/\/pts.org.pl\/en\/na-traktorach-czy-na-kolanach-ludowa-historia-kobiet\/\" action=\"like\" colorscheme=\"light\" layout=\"button_count\"  size=\"small\"><\/fb:like><\/div><\/div>\n<p class=\"has-text-align-center\">Oddzia\u0142 Katowicki PTS oraz Oddzia\u0142 \u0141\u00f3dzki PTS zapraszaj\u0105 na dyskusj\u0119<\/p>\n\n\n\n<p class=\"has-text-align-center\">pt. &#8220;Na traktorach czy na kolanach? Ludowa historia kobiet&#8221;<\/p>\n\n\n\n<p class=\"has-text-align-center\"><strong>Kiedy<\/strong><strong>:<\/strong>&nbsp;<strong>28 pa\u017adziernika (poniedzia\u0142ek), 17:00-18:30, online &#8211; Zoom<\/strong><\/p>\n\n\n\n<p><strong>W dyskusji wezm\u0105 udzia\u0142:<\/strong><\/p>\n\n\n\n<p><strong>Joanna Kuciel-Frydryszak&nbsp;<\/strong>&#8211; dziennikarka, pisarka, autorka ksi\u0105\u017cek m.in., &#8220;S\u0142u\u017c\u0105ce do wszystkiego&#8221; (Warszawa: Marginesy 2018) oraz &#8220;Ch\u0142opki. Opowie\u015b\u0107 o naszych babkach&#8221; (Warszawa: Marginesy 2023) &#8211; nominacja do Nagrody Literackiej Nike 2024.<\/p>\n\n\n\n<p><strong>Olga Gitkiewicz&nbsp;<\/strong>&#8211; reporterka, pisarka, asystentka w Zak\u0142adzie Socjologii Pracy i Gospodarki, Instytutu Socjologii Uniwersytetu Wroc\u0142awskiego, autorka ksi\u0105\u017cek m.in., &#8220;Nie ha\u0144bi&#8221; (2017), &#8220;Nie zd\u0105\u017c\u0119&#8221; (2018), &#8220;Krahelska, Krahelskie&#8221; (2021) [wszystkie wydane przez Wydawnictwo Dowody na Istnienie]<\/p>\n\n\n\n<p><strong>Spotkanie poprowadzi:<\/strong><\/p>\n\n\n\n<p><strong>Sylwia Michalska<\/strong>&nbsp;(IRWiR PAN) &#8211; profesorka IRWiR PAN, badaczka zajmuj\u0105ca si\u0119 problematyk\u0105 kobiet wiejskich, marginalizacji, ub\u00f3stwa, stylu \u017cycia mieszka\u0144c\u00f3w wsi i ich aspiracjami, kapita\u0142u ludzkiego czy rolnictwa ekologicznego.<\/p>\n\n\n\n<p>&nbsp;<br>Spotkanie ma charakter otwarty, ale niestety nasza licencja na Zooma ma limit 100 os\u00f3b, kt\u00f3re mog\u0105 wzi\u0105\u0107 udzia\u0142 w spotkaniu. Odb\u0119dzie si\u0119 online na platformie Zoom. Bardzo prosimy wszystkie osoby, do\u0142\u0105czaj\u0105ce do spotkania o wpisanie w nazwie na Zoomie swojego imienia, nazwiska, je\u015bli nie wy\u015bwietlaj\u0105 si\u0119 one automatycznie.<\/p>\n\n\n\n<p>Spotkanie b\u0119dzie nagrywane i nagranie zostanie zamieszczone na platformie YouTube Oddzia\u0142u \u0141\u00f3dzkiego PTS. Do\u0142\u0105czaj\u0105c do spotkania, wyra\u017caj\u0105 Pa\u0144stwo zgod\u0119 na nagrywanie oraz przetwarzanie wizerunku i danych osobowych (imienia, nazwiska), a tak\u017ce upublicznienie w\u0142asnych wypowiedzi, kt\u00f3re ewentualnie pojawi\u0105 si\u0119 podczas spotkania.<\/p>\n\n\n\n<p>Dane potrzebne do do\u0142\u0105czenia do spotkania na Zoomie:<\/p>\n\n\n\n<p>Link:&nbsp;<a href=\"https:\/\/us06web.zoom.us\/j\/84324371264?pwd=onhXCeboZaUSB1xofaqO6WZ4PPbicV.1\" target=\"_blank\" rel=\"noreferrer noopener\">https:\/\/us06web.zoom.us\/j\/84324371264?pwd=onhXCeboZaUSB1xofaqO6WZ4PPbicV.1<\/a><\/p>\n\n\n\n<p>ID: 843 2437 1264<\/p>\n\n\n\n<p>KOD DOST\u0118PU: 656752<\/p>\n\n\n\n<p>Link do wydarzenia na Facebooku:&nbsp;<a href=\"https:\/\/www.facebook.com\/events\/529053656387429\" target=\"_blank\" rel=\"noreferrer noopener\">https:\/\/www.facebook.com\/events\/529053656387429<\/a><\/p>\n\n\n\n<p><\/p>\n\n\n\n<p>Pozdrawiamy serdecznie<\/p>\n\n\n\n<p>Sylwia M\u0119cfal<\/p>\n\n\n\n<p>Przewodnicz\u0105ca O\u0141 PTS<\/p>\n\n\n\n<p>Daniela Dzienniak-Pulina<\/p>\n\n\n\n<p>Przewodnicz\u0105ca OK PTS<\/p>\n\n\n\n<figure class=\"wp-block-gallery columns-1 is-cropped\"><ul class=\"blocks-gallery-grid\"><li class=\"blocks-gallery-item\"><figure><img loading=\"lazy\" width=\"724\" height=\"1024\" src=\"https:\/\/pts.org.pl\/wp-content\/uploads\/2024\/10\/Ludowa-historia-kobiet-2-724x1024.jpg\" alt=\"\" data-id=\"7402\" data-full-url=\"https:\/\/pts.org.pl\/wp-content\/uploads\/2024\/10\/Ludowa-historia-kobiet-2.jpg\" data-link=\"https:\/\/pts.org.pl\/?attachment_id=7402\" class=\"wp-image-7402\" srcset=\"https:\/\/pts.org.pl\/wp-content\/uploads\/2024\/10\/Ludowa-historia-kobiet-2-724x1024.jpg 724w, https:\/\/pts.org.pl\/wp-content\/uploads\/2024\/10\/Ludowa-historia-kobiet-2-212x300.jpg 212w, https:\/\/pts.org.pl\/wp-content\/uploads\/2024\/10\/Ludowa-historia-kobiet-2-768x1086.jpg 768w, https:\/\/pts.org.pl\/wp-content\/uploads\/2024\/10\/Ludowa-historia-kobiet-2-1086x1536.jpg 1086w, https:\/\/pts.org.pl\/wp-content\/uploads\/2024\/10\/Ludowa-historia-kobiet-2-1448x2048.jpg 1448w, https:\/\/pts.org.pl\/wp-content\/uploads\/2024\/10\/Ludowa-historia-kobiet-2.jpg 1587w\" sizes=\"(max-width: 724px) 100vw, 724px\" \/><\/figure><\/li><\/ul><\/figure>\n","protected":false},"excerpt":{"rendered":"<p>Oddzia\u0142 Katowicki PTS oraz Oddzia\u0142 \u0141\u00f3dzki PTS zapraszaj\u0105 na dyskusj\u0119 pt. &#8220;Na traktorach czy na kolanach? Ludowa historia kobiet&#8221; Kiedy:&nbsp;28 pa\u017adziernika (poniedzia\u0142ek), 17:00-18:30, online &#8211; Zoom W dyskusji wezm\u0105 udzia\u0142: Joanna Kuciel-Frydryszak&nbsp;&#8211; dziennikarka, pisarka, autorka ksi\u0105\u017cek m.in., &#8220;S\u0142u\u017c\u0105ce do wszystkiego&#8221; (Warszawa: Marginesy 2018) oraz &#8220;Ch\u0142opki. Opowie\u015b\u0107 o naszych babkach&#8221; (Warszawa: Marginesy 2023) &#8211; nominacja do [&hellip;]<\/p>\n","protected":false},"author":11,"featured_media":0,"comment_status":"open","ping_status":"open","sticky":false,"template":"","format":"standard","meta":[],"categories":[],"tags":[],"_links":{"self":[{"href":"https:\/\/pts.org.pl\/en\/wp-json\/wp\/v2\/posts\/7401"}],"collection":[{"href":"https:\/\/pts.org.pl\/en\/wp-json\/wp\/v2\/posts"}],"about":[{"href":"https:\/\/pts.org.pl\/en\/wp-json\/wp\/v2\/types\/post"}],"author":[{"embeddable":true,"href":"https:\/\/pts.org.pl\/en\/wp-json\/wp\/v2\/users\/11"}],"replies":[{"embeddable":true,"href":"https:\/\/pts.org.pl\/en\/wp-json\/wp\/v2\/comments?post=7401"}],"version-history":[{"count":1,"href":"https:\/\/pts.org.pl\/en\/wp-json\/wp\/v2\/posts\/7401\/revisions"}],"predecessor-version":[{"id":7403,"href":"https:\/\/pts.org.pl\/en\/wp-json\/wp\/v2\/posts\/7401\/revisions\/7403"}],"wp:attachment":[{"href":"https:\/\/pts.org.pl\/en\/wp-json\/wp\/v2\/media?parent=7401"}],"wp:term":[{"taxonomy":"category","embeddable":true,"href":"https:\/\/pts.org.pl\/en\/wp-json\/wp\/v2\/categories?post=7401"},{"taxonomy":"post_tag","embeddable":true,"href":"https:\/\/pts.org.pl\/en\/wp-json\/wp\/v2\/tags?post=7401"}],"curies":[{"name":"wp","href":"https:\/\/api.w.org\/{rel}","templated":true}]}}