{"id":7391,"date":"2024-10-24T11:59:41","date_gmt":"2024-10-24T11:59:41","guid":{"rendered":"https:\/\/pts.org.pl\/?p=7391"},"modified":"2024-10-24T11:59:43","modified_gmt":"2024-10-24T11:59:43","slug":"stanowisko-pts-w-sprawie-wprowadzenia-policji-na-teren-kampusu-uw-przy-krakowskim-przedmiesciu","status":"publish","type":"post","link":"https:\/\/pts.org.pl\/en\/stanowisko-pts-w-sprawie-wprowadzenia-policji-na-teren-kampusu-uw-przy-krakowskim-przedmiesciu\/","title":{"rendered":"Stanowisko PTS w sprawie wprowadzenia policji na teren kampusu UW przy Krakowskim Przedmie\u015bciu"},"content":{"rendered":"<div class=\"fcbkbttn_buttons_block\" id=\"fcbkbttn_left\"><div class=\"fcbkbttn_button\">\n                            <a href=\"https:\/\/www.facebook.com\/\" target=\"_blank\">\n                                <img src=\"https:\/\/pts.org.pl\/wp-content\/plugins\/facebook-button-plugin\/images\/standard-facebook-ico.png\" alt=\"Fb-Button\" \/>\n                            <\/a>\n                        <\/div><div class=\"fcbkbttn_like \"><fb:like href=\"https:\/\/pts.org.pl\/en\/stanowisko-pts-w-sprawie-wprowadzenia-policji-na-teren-kampusu-uw-przy-krakowskim-przedmiesciu\/\" action=\"like\" colorscheme=\"light\" layout=\"button_count\"  size=\"small\"><\/fb:like><\/div><\/div>\n<p>12 czerwca 2024 r. policjanci weszli na teren Uniwersytetu Warszawskiego, \u017ceby usun\u0105\u0107 protestuj\u0105cych student\u00f3w. Wydarzenie to odbi\u0142o si\u0119 szerokim echem w polskim \u015brodowisku akademickim, wzbudzaj\u0105c zaniepokojenie i sprzeciw wobec dzia\u0142ania kwestionuj\u0105cego autonomi\u0119 uniwersytetu. Przes\u0142ank\u0105 wkroczenia policji by\u0142o wezwanie Rektora UW, co jest zgodne z paragrafem 50 Ustawy o szkolnictwie wy\u017cszym, co naszym zdaniem wyczerpuje legalny aspekt tego zdarzenia. Poza zagadnieniem legalno\u015bci decyzji JM Rektora UW pozostaje zagadnienie zasadno\u015bci podejmowania podobnych decyzji przez rektora uczelni, tym bardziej, \u017ce opisany powy\u017cej fakt nie mia\u0142 precedensu w potransformacyjnej historii szkolnictwa wy\u017cszego w Polsce.<\/p>\n\n\n\n<p>Zarz\u0105d Polskiego Towarzystwa Socjologicznego, w odpowiedzi na g\u0142osy Cz\u0142onk\u00f3w i Cz\u0142onki\u0144 Towarzystwa wyra\u017cone podczas walnego zebrania Towarzystwa, przychyla si\u0119 do niepokoju, jakie wywo\u0142a\u0142o to bezprecedensowe zdarzenie. Wskazuje na niezb\u0119dno\u015b\u0107 dope\u0142nienia wszelkich wymog\u00f3w dialogu na uczelniach i konieczno\u015b\u0107 uznawania prawa spo\u0142eczno\u015bci akademickiej do wyra\u017cania opinii i protestowania. Wskazujemy r\u00f3wnie\u017c na niezb\u0119dno\u015b\u0107 pow\u015bci\u0105gliwo\u015bci i samoograniczania w dzia\u0142aniach w\u0142adz uczelni, kt\u00f3re korzystaj\u0105c z legalnych uprawnie\u0144 mog\u0105 podwa\u017ca\u0107 zaufanie do form reprezentacji student\u00f3w i naukowc\u00f3w oraz wiar\u0119 w realno\u015b\u0107 autonomii uczelni wy\u017cszych.<\/p>\n\n\n\n<p>Jednocze\u015bnie nie uzurpujemy sobie prawa do oceny tej konkretnej sytuacji z punktu widzenia jako\u015bci dialogu prowadzonego z protestuj\u0105cymi studentami, poprzestajemy jedynie na dostrze\u017ceniu jego nieskuteczno\u015bci.&nbsp; &nbsp;&nbsp;&nbsp;&nbsp;<\/p>\n","protected":false},"excerpt":{"rendered":"<p>12 czerwca 2024 r. policjanci weszli na teren Uniwersytetu Warszawskiego, \u017ceby usun\u0105\u0107 protestuj\u0105cych student\u00f3w. Wydarzenie to odbi\u0142o si\u0119 szerokim echem w polskim \u015brodowisku akademickim, wzbudzaj\u0105c zaniepokojenie i sprzeciw wobec dzia\u0142ania kwestionuj\u0105cego autonomi\u0119 uniwersytetu. Przes\u0142ank\u0105 wkroczenia policji by\u0142o wezwanie Rektora UW, co jest zgodne z paragrafem 50 Ustawy o szkolnictwie wy\u017cszym, co naszym zdaniem wyczerpuje legalny [&hellip;]<\/p>\n","protected":false},"author":11,"featured_media":0,"comment_status":"open","ping_status":"open","sticky":false,"template":"","format":"standard","meta":[],"categories":[],"tags":[],"_links":{"self":[{"href":"https:\/\/pts.org.pl\/en\/wp-json\/wp\/v2\/posts\/7391"}],"collection":[{"href":"https:\/\/pts.org.pl\/en\/wp-json\/wp\/v2\/posts"}],"about":[{"href":"https:\/\/pts.org.pl\/en\/wp-json\/wp\/v2\/types\/post"}],"author":[{"embeddable":true,"href":"https:\/\/pts.org.pl\/en\/wp-json\/wp\/v2\/users\/11"}],"replies":[{"embeddable":true,"href":"https:\/\/pts.org.pl\/en\/wp-json\/wp\/v2\/comments?post=7391"}],"version-history":[{"count":1,"href":"https:\/\/pts.org.pl\/en\/wp-json\/wp\/v2\/posts\/7391\/revisions"}],"predecessor-version":[{"id":7392,"href":"https:\/\/pts.org.pl\/en\/wp-json\/wp\/v2\/posts\/7391\/revisions\/7392"}],"wp:attachment":[{"href":"https:\/\/pts.org.pl\/en\/wp-json\/wp\/v2\/media?parent=7391"}],"wp:term":[{"taxonomy":"category","embeddable":true,"href":"https:\/\/pts.org.pl\/en\/wp-json\/wp\/v2\/categories?post=7391"},{"taxonomy":"post_tag","embeddable":true,"href":"https:\/\/pts.org.pl\/en\/wp-json\/wp\/v2\/tags?post=7391"}],"curies":[{"name":"wp","href":"https:\/\/api.w.org\/{rel}","templated":true}]}}