{"id":7358,"date":"2024-09-30T21:27:00","date_gmt":"2024-09-30T21:27:00","guid":{"rendered":"https:\/\/pts.org.pl\/?p=7358"},"modified":"2024-10-03T21:50:43","modified_gmt":"2024-10-03T21:50:43","slug":"szczecinski-oddzial-pts-zaprasza-na-spotkanie-urban-sociologist-in-a-village-an-invitation-for-reflective-partnership-gosc-dr-tadas-sarunas","status":"publish","type":"post","link":"https:\/\/pts.org.pl\/en\/szczecinski-oddzial-pts-zaprasza-na-spotkanie-urban-sociologist-in-a-village-an-invitation-for-reflective-partnership-gosc-dr-tadas-sarunas\/","title":{"rendered":"Szczeci\u0144ski Oddzia\u0142 PTS zaprasza na spotkanie &#8220;Urban sociologist in a village: an invitation for reflective partnership&#8221;; go\u015b\u0107: dr Tadas \u0160ar\u016bnas"},"content":{"rendered":"<div class=\"fcbkbttn_buttons_block\" id=\"fcbkbttn_left\"><div class=\"fcbkbttn_button\">\n                            <a href=\"https:\/\/www.facebook.com\/\" target=\"_blank\">\n                                <img src=\"https:\/\/pts.org.pl\/wp-content\/plugins\/facebook-button-plugin\/images\/standard-facebook-ico.png\" alt=\"Fb-Button\" \/>\n                            <\/a>\n                        <\/div><div class=\"fcbkbttn_like \"><fb:like href=\"https:\/\/pts.org.pl\/en\/szczecinski-oddzial-pts-zaprasza-na-spotkanie-urban-sociologist-in-a-village-an-invitation-for-reflective-partnership-gosc-dr-tadas-sarunas\/\" action=\"like\" colorscheme=\"light\" layout=\"button_count\"  size=\"small\"><\/fb:like><\/div><\/div>\n<p>Szanowne Kole\u017canki i Koledzy,<\/p>\n\n\n\n<p>w imieniu Szczeci\u0144skiego Oddzia\u0142u PTS zapraszam na spotkanie z dr&nbsp;Tadas \u0160ar\u016bnas &#8211; Vilnius University Filosofijos fakultetas, kt\u00f3rego go\u015bcimy w Szczecinie w ramach programu Short Scientific Mission projektu RethinkBlue COST Action. Wi\u0119cej o projekcie RethinkBlue:&nbsp;<a href=\"https:\/\/rethinkblue.eu\/\" target=\"_blank\" rel=\"noreferrer noopener\">https:\/\/rethinkblue.eu<\/a><\/p>\n\n\n\n<p>Prelegent wyg\u0142osi referat&nbsp;\u201eUrban sociologist in a village: an invitation for reflective partnerships\u201d.&nbsp;His talk about cross-sections of urban and cultural sociology, he will present a research programme of PaScapes: research excellence center on (post)authoritarian landscapes, working with questions of space and human-nature relationship.<\/p>\n\n\n\n<p>Zebranie odb\u0119dzie si\u0119 3 pa\u017adziernika o godz. 12:30 w sali 100 na WNS US przy ul Krakowskiej 71- 79 w Szczecinie oraz w formie zdalnej \u2013 <\/p>\n\n\n\n<p><a href=\"https:\/\/teams.microsoft.com\/l\/meetup-join\/19%3ameeting_ZmFmOGI3MmMtMzdiNS00MTk2LTlkMjAtZjJiNDNkNWYxMGQx%40thread.v2\/0?context=%7b%22Tid%22%3a%22af892dd6-4563-4455-9c05-a398a43f2362%22%2c%22Oid%22%3a%2243176c57-7929-4e03-b683-cd4bf019cb00%22%7d\">https:\/\/teams.microsoft.com\/l\/meetup-join\/19%3ameeting_ZmFmOGI3MmMtMzdiNS00MTk2LTlkMjAtZjJiNDNkNWYxMGQx%40thread.v2\/0?context=%7b%22Tid%22%3a%22af892dd6-4563-4455-9c05-a398a43f2362%22%2c%22Oid%22%3a%2243176c57-7929-4e03-b683-cd4bf019cb00%22%7d<\/a><\/p>\n\n\n\n<p>Z powa\u017caniem&nbsp;<\/p>\n\n\n\n<p>\u017baneta Stasieniuk<\/p>\n\n\n\n<figure class=\"wp-block-gallery columns-1 is-cropped\"><ul class=\"blocks-gallery-grid\"><li class=\"blocks-gallery-item\"><figure><img loading=\"lazy\" width=\"1024\" height=\"611\" src=\"https:\/\/pts.org.pl\/wp-content\/uploads\/2024\/10\/Tadas_lecture-1024x611.png\" alt=\"\" data-id=\"7359\" data-full-url=\"https:\/\/pts.org.pl\/wp-content\/uploads\/2024\/10\/Tadas_lecture.png\" data-link=\"https:\/\/pts.org.pl\/?attachment_id=7359\" class=\"wp-image-7359\" srcset=\"https:\/\/pts.org.pl\/wp-content\/uploads\/2024\/10\/Tadas_lecture-1024x611.png 1024w, https:\/\/pts.org.pl\/wp-content\/uploads\/2024\/10\/Tadas_lecture-300x179.png 300w, https:\/\/pts.org.pl\/wp-content\/uploads\/2024\/10\/Tadas_lecture-768x459.png 768w, https:\/\/pts.org.pl\/wp-content\/uploads\/2024\/10\/Tadas_lecture-1536x917.png 1536w, https:\/\/pts.org.pl\/wp-content\/uploads\/2024\/10\/Tadas_lecture.png 1822w\" sizes=\"(max-width: 1024px) 100vw, 1024px\" \/><\/figure><\/li><\/ul><\/figure>\n","protected":false},"excerpt":{"rendered":"<p>Szanowne Kole\u017canki i Koledzy, w imieniu Szczeci\u0144skiego Oddzia\u0142u PTS zapraszam na spotkanie z dr&nbsp;Tadas \u0160ar\u016bnas &#8211; Vilnius University Filosofijos fakultetas, kt\u00f3rego go\u015bcimy w Szczecinie w ramach programu Short Scientific Mission projektu RethinkBlue COST Action. Wi\u0119cej o projekcie RethinkBlue:&nbsp;https:\/\/rethinkblue.eu Prelegent wyg\u0142osi referat&nbsp;\u201eUrban sociologist in a village: an invitation for reflective partnerships\u201d.&nbsp;His talk about cross-sections of urban [&hellip;]<\/p>\n","protected":false},"author":11,"featured_media":0,"comment_status":"open","ping_status":"open","sticky":false,"template":"","format":"standard","meta":[],"categories":[],"tags":[],"_links":{"self":[{"href":"https:\/\/pts.org.pl\/en\/wp-json\/wp\/v2\/posts\/7358"}],"collection":[{"href":"https:\/\/pts.org.pl\/en\/wp-json\/wp\/v2\/posts"}],"about":[{"href":"https:\/\/pts.org.pl\/en\/wp-json\/wp\/v2\/types\/post"}],"author":[{"embeddable":true,"href":"https:\/\/pts.org.pl\/en\/wp-json\/wp\/v2\/users\/11"}],"replies":[{"embeddable":true,"href":"https:\/\/pts.org.pl\/en\/wp-json\/wp\/v2\/comments?post=7358"}],"version-history":[{"count":2,"href":"https:\/\/pts.org.pl\/en\/wp-json\/wp\/v2\/posts\/7358\/revisions"}],"predecessor-version":[{"id":7366,"href":"https:\/\/pts.org.pl\/en\/wp-json\/wp\/v2\/posts\/7358\/revisions\/7366"}],"wp:attachment":[{"href":"https:\/\/pts.org.pl\/en\/wp-json\/wp\/v2\/media?parent=7358"}],"wp:term":[{"taxonomy":"category","embeddable":true,"href":"https:\/\/pts.org.pl\/en\/wp-json\/wp\/v2\/categories?post=7358"},{"taxonomy":"post_tag","embeddable":true,"href":"https:\/\/pts.org.pl\/en\/wp-json\/wp\/v2\/tags?post=7358"}],"curies":[{"name":"wp","href":"https:\/\/api.w.org\/{rel}","templated":true}]}}