{"id":7347,"date":"2024-09-25T09:00:13","date_gmt":"2024-09-25T09:00:13","guid":{"rendered":"https:\/\/pts.org.pl\/?p=7347"},"modified":"2024-09-25T09:00:14","modified_gmt":"2024-09-25T09:00:14","slug":"zaproszenie-na-spotkanie-wokol-dwoch-najnowszych-ksiazek-poswieconych-bronislawowi-malinowskiemu","status":"publish","type":"post","link":"https:\/\/pts.org.pl\/en\/zaproszenie-na-spotkanie-wokol-dwoch-najnowszych-ksiazek-poswieconych-bronislawowi-malinowskiemu\/","title":{"rendered":"Zaproszenie na spotkanie wok\u00f3\u0142 dw\u00f3ch najnowszych ksi\u0105\u017cek po\u015bwi\u0119conych Bronis\u0142awowi Malinowskiemu"},"content":{"rendered":"<div class=\"fcbkbttn_buttons_block\" id=\"fcbkbttn_left\"><div class=\"fcbkbttn_button\">\n                            <a href=\"https:\/\/www.facebook.com\/\" target=\"_blank\">\n                                <img src=\"https:\/\/pts.org.pl\/wp-content\/plugins\/facebook-button-plugin\/images\/standard-facebook-ico.png\" alt=\"Fb-Button\" \/>\n                            <\/a>\n                        <\/div><div class=\"fcbkbttn_like \"><fb:like href=\"https:\/\/pts.org.pl\/en\/zaproszenie-na-spotkanie-wokol-dwoch-najnowszych-ksiazek-poswieconych-bronislawowi-malinowskiemu\/\" action=\"like\" colorscheme=\"light\" layout=\"button_count\"  size=\"small\"><\/fb:like><\/div><\/div>\n<p>Serdecznie zapraszamy na spotkanie po\u015bwi\u0119cone dw\u00f3m wydanym w\u0142a\u015bnie ksi\u0105\u017ckom:<\/p>\n\n\n\n<p><em>Bronis\u0142aw Malinowski and His Legacy in Contemporary Social Sciences and Humanities<\/em>, Gra\u017cyna Kubica, Dariusz Brzezi\u0144ski (red.), Routledge 2024<\/p>\n\n\n\n<p><em>One Hundred Years of Argonauts: Malinowski, Ethnography and Economic Anthropology,&nbsp;<\/em>Chris Hann, Deborah James (red.), Berghahn Books 2024.<\/p>\n\n\n\n<p><br>W obu tomach \u017cycie i tw\u00f3rczo\u015b\u0107 Bronis\u0142awa Malinowskiego zosta\u0142y poddane analizom i reinterpretacjom w odniesieniu do najnowszych orientacji w naukach spo\u0142ecznych i humanistycznych. Teksty zawarte w tomach ukazuj\u0105 nowe interpretacje tw\u00f3rczo\u015bci Malinowskiego, unaoczniaj\u0105c to, jakie znaczenie mo\u017ce mie\u0107 ona w XXI wieku.<\/p>\n\n\n\n<p>Okazj\u0105 do podj\u0119cia tych prac by\u0142o stulecie wydania&nbsp;<em>Argonaut\u00f3w zachodniego Pacyfiku<\/em>, jednej z tych ksi\u0105\u017cek, kt\u00f3re wywar\u0142y najwi\u0119kszy wp\u0142yw na rozw\u00f3j antropologii i socjologii.<\/p>\n\n\n\n<p>Podczas spotkania redaktorzy ksi\u0105\u017cek opowiedz\u0105 o pracach nad nimi, a zaproszeni go\u015bcie podziel\u0105 si\u0119 spostrze\u017ceniami dotycz\u0105cymi ich tre\u015bci.<\/p>\n\n\n\n<p><br><strong>Miejsce:<\/strong><br>Instytut Socjologii UJ, ul. Grodzka 52<br>Sala kominkowa (pok\u00f3j 63, I pi\u0119tro)<\/p>\n\n\n\n<p><strong>Termin:<\/strong><br>30 wrze\u015bnia 2024 r. (poniedzia\u0142ek), godz. 15:00<\/p>\n\n\n\n<p><br><strong>Zapraszaj\u0105:<\/strong><br>Prof. Chris Hann, Max Planck Institute for Social Anthropology (Director Emeritus)<br>Prof. Gra\u017cyna Kubica-Heller, Instytut Socjologii UJ<br>Dr hab. Dariusz Brzezi\u0144ski, Instytut Filozofii i Socjologii PAN<\/p>\n\n\n\n<p><br><strong>Patroni wydarzenia:<\/strong><br>Instytut Socjologii Uniwersytetu Jagiello\u0144skiego<br>Instytut Filozofii i Socjologii Polskiej Akademii Nauk<br>Sekcja Antropologii Spo\u0142ecznej Polskiego Towarzystwa Socjologicznego<\/p>\n\n\n\n<figure class=\"wp-block-gallery columns-1 is-cropped\"><ul class=\"blocks-gallery-grid\"><li class=\"blocks-gallery-item\"><figure><img loading=\"lazy\" width=\"724\" height=\"1024\" src=\"https:\/\/pts.org.pl\/wp-content\/uploads\/2024\/09\/Book-launch-B.-Malinowski-PL-724x1024.png\" alt=\"\" data-id=\"7348\" data-full-url=\"https:\/\/pts.org.pl\/wp-content\/uploads\/2024\/09\/Book-launch-B.-Malinowski-PL.png\" data-link=\"https:\/\/pts.org.pl\/?attachment_id=7348\" class=\"wp-image-7348\" srcset=\"https:\/\/pts.org.pl\/wp-content\/uploads\/2024\/09\/Book-launch-B.-Malinowski-PL-724x1024.png 724w, https:\/\/pts.org.pl\/wp-content\/uploads\/2024\/09\/Book-launch-B.-Malinowski-PL-212x300.png 212w, https:\/\/pts.org.pl\/wp-content\/uploads\/2024\/09\/Book-launch-B.-Malinowski-PL-768x1086.png 768w, https:\/\/pts.org.pl\/wp-content\/uploads\/2024\/09\/Book-launch-B.-Malinowski-PL-1086x1536.png 1086w, https:\/\/pts.org.pl\/wp-content\/uploads\/2024\/09\/Book-launch-B.-Malinowski-PL-1448x2048.png 1448w\" sizes=\"(max-width: 724px) 100vw, 724px\" \/><\/figure><\/li><\/ul><\/figure>\n","protected":false},"excerpt":{"rendered":"<p>Serdecznie zapraszamy na spotkanie po\u015bwi\u0119cone dw\u00f3m wydanym w\u0142a\u015bnie ksi\u0105\u017ckom: Bronis\u0142aw Malinowski and His Legacy in Contemporary Social Sciences and Humanities, Gra\u017cyna Kubica, Dariusz Brzezi\u0144ski (red.), Routledge 2024 One Hundred Years of Argonauts: Malinowski, Ethnography and Economic Anthropology,&nbsp;Chris Hann, Deborah James (red.), Berghahn Books 2024. W obu tomach \u017cycie i tw\u00f3rczo\u015b\u0107 Bronis\u0142awa Malinowskiego zosta\u0142y poddane analizom [&hellip;]<\/p>\n","protected":false},"author":11,"featured_media":0,"comment_status":"open","ping_status":"open","sticky":false,"template":"","format":"standard","meta":[],"categories":[],"tags":[],"_links":{"self":[{"href":"https:\/\/pts.org.pl\/en\/wp-json\/wp\/v2\/posts\/7347"}],"collection":[{"href":"https:\/\/pts.org.pl\/en\/wp-json\/wp\/v2\/posts"}],"about":[{"href":"https:\/\/pts.org.pl\/en\/wp-json\/wp\/v2\/types\/post"}],"author":[{"embeddable":true,"href":"https:\/\/pts.org.pl\/en\/wp-json\/wp\/v2\/users\/11"}],"replies":[{"embeddable":true,"href":"https:\/\/pts.org.pl\/en\/wp-json\/wp\/v2\/comments?post=7347"}],"version-history":[{"count":1,"href":"https:\/\/pts.org.pl\/en\/wp-json\/wp\/v2\/posts\/7347\/revisions"}],"predecessor-version":[{"id":7349,"href":"https:\/\/pts.org.pl\/en\/wp-json\/wp\/v2\/posts\/7347\/revisions\/7349"}],"wp:attachment":[{"href":"https:\/\/pts.org.pl\/en\/wp-json\/wp\/v2\/media?parent=7347"}],"wp:term":[{"taxonomy":"category","embeddable":true,"href":"https:\/\/pts.org.pl\/en\/wp-json\/wp\/v2\/categories?post=7347"},{"taxonomy":"post_tag","embeddable":true,"href":"https:\/\/pts.org.pl\/en\/wp-json\/wp\/v2\/tags?post=7347"}],"curies":[{"name":"wp","href":"https:\/\/api.w.org\/{rel}","templated":true}]}}