{"id":7320,"date":"2024-08-23T21:07:00","date_gmt":"2024-08-23T21:07:00","guid":{"rendered":"https:\/\/pts.org.pl\/?p=7320"},"modified":"2024-09-21T21:09:13","modified_gmt":"2024-09-21T21:09:13","slug":"zaproszenie-do-skladania-zgloszen-na-panel-the-emancipatory-nature-of-modern-technologies-for-people-with-disabilities-challenges-for-social-policy","status":"publish","type":"post","link":"https:\/\/pts.org.pl\/en\/zaproszenie-do-skladania-zgloszen-na-panel-the-emancipatory-nature-of-modern-technologies-for-people-with-disabilities-challenges-for-social-policy\/","title":{"rendered":"Zaproszenie do sk\u0142adania zg\u0142osze\u0144 na panel &#8220;The emancipatory nature of modern technologies for people with disabilities &#8211; challenges for social policy&#8221;"},"content":{"rendered":"<div class=\"fcbkbttn_buttons_block\" id=\"fcbkbttn_left\"><div class=\"fcbkbttn_button\">\n                            <a href=\"https:\/\/www.facebook.com\/\" target=\"_blank\">\n                                <img src=\"https:\/\/pts.org.pl\/wp-content\/plugins\/facebook-button-plugin\/images\/standard-facebook-ico.png\" alt=\"Fb-Button\" \/>\n                            <\/a>\n                        <\/div><div class=\"fcbkbttn_like \"><fb:like href=\"https:\/\/pts.org.pl\/en\/zaproszenie-do-skladania-zgloszen-na-panel-the-emancipatory-nature-of-modern-technologies-for-people-with-disabilities-challenges-for-social-policy\/\" action=\"like\" colorscheme=\"light\" layout=\"button_count\"  size=\"small\"><\/fb:like><\/div><\/div>\n<p>Szanowni Pa\u0144stwo,<\/p>\n\n\n\n<p>Drogie Kole\u017canki i Koledzy,<\/p>\n\n\n\n<p>Centrum Studi\u00f3w nad Niepe\u0142nosprawno\u015bci\u0105 Uniwersytetu Wile\u0144skiego oraz Sekcja Socjologii Niepe\u0142nosprawno\u015bci Polskiego Towarzystwa Socjologicznego maj\u0105 zaszczyt zaprosi\u0107 do udzia\u0142u w panelu &#8220;The emancipatory nature of modern technologies for people with disabilities \u2013 challenges for social policy&#8221; organizowanego w ramach XVI National Conference of the Lithuanian Sociological Society \u201cGlobal challenges and future societies\u201d (November 15-16, 2024 Vilnius University).<\/p>\n\n\n\n<p>Termin sk\u0142adania zg\u0142osze\u0144 \u2013 23 wrze\u015bnia.<\/p>\n\n\n\n<p>Adres e-mail do sk\u0142adania abstrakt\u00f3w:&nbsp;<a href=\"mailto:jurga.mataityte-dirziene@fsf.vu.lt\" target=\"_blank\" rel=\"noreferrer noopener\">jurga.mataityte-dirziene@fsf.vu.lt<\/a>.<\/p>\n\n\n\n<p>W razie pyta\u0144 dotycz\u0105cych konferencji prosimy o kontakt pod adresem:&nbsp;<a href=\"mailto:tomasz.kasprzak@us.edu.pl\" target=\"_blank\" rel=\"noreferrer noopener\">tomasz.kasprzak@us.edu.pl<\/a>.<\/p>\n\n\n\n<p>Wi\u0119cej informacji na stronie:&nbsp;<a href=\"https:\/\/ssn-pts.pl\/?page_id=16\" target=\"_blank\" rel=\"noreferrer noopener\">https:\/\/ssn-pts.pl\/?page_id=16<\/a><\/p>\n\n\n\n<p>Pozdrawiam serdecznie,<\/p>\n\n\n\n<p>Dorota \u017buchowska<\/p>\n\n\n\n<p>&#8212;<\/p>\n\n\n\n<p>Sekcja PTS Socjologii Niepe\u0142nosprawno\u015bci<\/p>\n\n\n\n<p><a href=\"https:\/\/ssn-pts.pl\/\">https:\/\/ssn-pts.pl\/<\/a><\/p>\n\n\n\n<p><a href=\"https:\/\/www.facebook.com\/SSNPTS\">https:\/\/www.facebook.com\/SSNPTS<\/a><\/p>\n","protected":false},"excerpt":{"rendered":"<p>Szanowni Pa\u0144stwo, Drogie Kole\u017canki i Koledzy, Centrum Studi\u00f3w nad Niepe\u0142nosprawno\u015bci\u0105 Uniwersytetu Wile\u0144skiego oraz Sekcja Socjologii Niepe\u0142nosprawno\u015bci Polskiego Towarzystwa Socjologicznego maj\u0105 zaszczyt zaprosi\u0107 do udzia\u0142u w panelu &#8220;The emancipatory nature of modern technologies for people with disabilities \u2013 challenges for social policy&#8221; organizowanego w ramach XVI National Conference of the Lithuanian Sociological Society \u201cGlobal challenges and [&hellip;]<\/p>\n","protected":false},"author":11,"featured_media":0,"comment_status":"open","ping_status":"open","sticky":false,"template":"","format":"standard","meta":[],"categories":[],"tags":[],"_links":{"self":[{"href":"https:\/\/pts.org.pl\/en\/wp-json\/wp\/v2\/posts\/7320"}],"collection":[{"href":"https:\/\/pts.org.pl\/en\/wp-json\/wp\/v2\/posts"}],"about":[{"href":"https:\/\/pts.org.pl\/en\/wp-json\/wp\/v2\/types\/post"}],"author":[{"embeddable":true,"href":"https:\/\/pts.org.pl\/en\/wp-json\/wp\/v2\/users\/11"}],"replies":[{"embeddable":true,"href":"https:\/\/pts.org.pl\/en\/wp-json\/wp\/v2\/comments?post=7320"}],"version-history":[{"count":1,"href":"https:\/\/pts.org.pl\/en\/wp-json\/wp\/v2\/posts\/7320\/revisions"}],"predecessor-version":[{"id":7321,"href":"https:\/\/pts.org.pl\/en\/wp-json\/wp\/v2\/posts\/7320\/revisions\/7321"}],"wp:attachment":[{"href":"https:\/\/pts.org.pl\/en\/wp-json\/wp\/v2\/media?parent=7320"}],"wp:term":[{"taxonomy":"category","embeddable":true,"href":"https:\/\/pts.org.pl\/en\/wp-json\/wp\/v2\/categories?post=7320"},{"taxonomy":"post_tag","embeddable":true,"href":"https:\/\/pts.org.pl\/en\/wp-json\/wp\/v2\/tags?post=7320"}],"curies":[{"name":"wp","href":"https:\/\/api.w.org\/{rel}","templated":true}]}}