{"id":7317,"date":"2024-09-05T21:03:00","date_gmt":"2024-09-05T21:03:00","guid":{"rendered":"https:\/\/pts.org.pl\/?p=7317"},"modified":"2024-09-21T21:06:57","modified_gmt":"2024-09-21T21:06:57","slug":"program-ii-konferencji-sekcji-socjologii-srodowiska-26-27-wrzesnia-2024-warszawa","status":"publish","type":"post","link":"https:\/\/pts.org.pl\/en\/program-ii-konferencji-sekcji-socjologii-srodowiska-26-27-wrzesnia-2024-warszawa\/","title":{"rendered":"Program II Konferencji Sekcji Socjologii \u015arodowiska, 26-27 wrze\u015bnia 2024, Warszawa"},"content":{"rendered":"<div class=\"fcbkbttn_buttons_block\" id=\"fcbkbttn_left\"><div class=\"fcbkbttn_button\">\n                            <a href=\"https:\/\/www.facebook.com\/\" target=\"_blank\">\n                                <img src=\"https:\/\/pts.org.pl\/wp-content\/plugins\/facebook-button-plugin\/images\/standard-facebook-ico.png\" alt=\"Fb-Button\" \/>\n                            <\/a>\n                        <\/div><div class=\"fcbkbttn_like \"><fb:like href=\"https:\/\/pts.org.pl\/en\/program-ii-konferencji-sekcji-socjologii-srodowiska-26-27-wrzesnia-2024-warszawa\/\" action=\"like\" colorscheme=\"light\" layout=\"button_count\"  size=\"small\"><\/fb:like><\/div><\/div>\n<p>Sekcja Socjologii \u015arodowiska PTS serdecznie zaprasza na<strong>&nbsp;II Konferencj\u0119 Sekcji Socjologii \u015arodowiska<\/strong>.<\/p>\n\n\n\n<p>Wydarzenie odb\u0119dzie si\u0119 26 i 27 wrze\u015bnia 2024 roku w Warszawie, w IFiS PAN (I dzie\u0144) oraz w SGGW (II dzie\u0144).<\/p>\n\n\n\n<p>Przed nami 5 sesji wyst\u0105pie\u0144, 3 sesje seminarium pracy nad tekstem oraz spacer badawczy. &nbsp;<\/p>\n\n\n\n<p>Zapraszamy r\u00f3wnie\u017c do udzia\u0142u w wydarzeniu w charakterze uczestnictwa bez prezentacji.<\/p>\n\n\n\n<p>Prosimy o deklaracje takiego uczestnictwa w formularzu online, do dnia 20 wrze\u015bnia:\u00a0<a rel=\"noreferrer noopener\" href=\"https:\/\/forms.gle\/ccZBkDFLfYHmash26\" target=\"_blank\">https:\/\/forms.gle\/ccZBkDFLfYHmash26<\/a><\/p>\n\n\n\n<p>Szczeg\u00f3\u0142owy program przekazujemy w za\u0142\u0105czonym pliku.<\/p>\n\n\n\n<p>Zarz\u0105d Sekcji Socjologii \u015arodowiska<\/p>\n\n\n\n<div class=\"wp-block-file\"><object class=\"wp-block-file__embed\" data=\"https:\/\/pts.org.pl\/wp-content\/uploads\/2024\/09\/Program-Konferencji_SSS.pdf\" type=\"application\/pdf\" style=\"width:100%;height:600px\" aria-label=\"Osadzone z Program-Konferencji_SSS.\"><\/object><a href=\"https:\/\/pts.org.pl\/wp-content\/uploads\/2024\/09\/Program-Konferencji_SSS.pdf\">Program-Konferencji_SSS<\/a><a href=\"https:\/\/pts.org.pl\/wp-content\/uploads\/2024\/09\/Program-Konferencji_SSS.pdf\" class=\"wp-block-file__button\" download>Pobierz<\/a><\/div>\n","protected":false},"excerpt":{"rendered":"<p>Sekcja Socjologii \u015arodowiska PTS serdecznie zaprasza na&nbsp;II Konferencj\u0119 Sekcji Socjologii \u015arodowiska. Wydarzenie odb\u0119dzie si\u0119 26 i 27 wrze\u015bnia 2024 roku w Warszawie, w IFiS PAN (I dzie\u0144) oraz w SGGW (II dzie\u0144). Przed nami 5 sesji wyst\u0105pie\u0144, 3 sesje seminarium pracy nad tekstem oraz spacer badawczy. &nbsp; Zapraszamy r\u00f3wnie\u017c do udzia\u0142u w wydarzeniu w charakterze [&hellip;]<\/p>\n","protected":false},"author":11,"featured_media":0,"comment_status":"open","ping_status":"open","sticky":false,"template":"","format":"standard","meta":[],"categories":[],"tags":[],"_links":{"self":[{"href":"https:\/\/pts.org.pl\/en\/wp-json\/wp\/v2\/posts\/7317"}],"collection":[{"href":"https:\/\/pts.org.pl\/en\/wp-json\/wp\/v2\/posts"}],"about":[{"href":"https:\/\/pts.org.pl\/en\/wp-json\/wp\/v2\/types\/post"}],"author":[{"embeddable":true,"href":"https:\/\/pts.org.pl\/en\/wp-json\/wp\/v2\/users\/11"}],"replies":[{"embeddable":true,"href":"https:\/\/pts.org.pl\/en\/wp-json\/wp\/v2\/comments?post=7317"}],"version-history":[{"count":1,"href":"https:\/\/pts.org.pl\/en\/wp-json\/wp\/v2\/posts\/7317\/revisions"}],"predecessor-version":[{"id":7319,"href":"https:\/\/pts.org.pl\/en\/wp-json\/wp\/v2\/posts\/7317\/revisions\/7319"}],"wp:attachment":[{"href":"https:\/\/pts.org.pl\/en\/wp-json\/wp\/v2\/media?parent=7317"}],"wp:term":[{"taxonomy":"category","embeddable":true,"href":"https:\/\/pts.org.pl\/en\/wp-json\/wp\/v2\/categories?post=7317"},{"taxonomy":"post_tag","embeddable":true,"href":"https:\/\/pts.org.pl\/en\/wp-json\/wp\/v2\/tags?post=7317"}],"curies":[{"name":"wp","href":"https:\/\/api.w.org\/{rel}","templated":true}]}}