{"id":7315,"date":"2024-09-21T20:30:02","date_gmt":"2024-09-21T20:30:02","guid":{"rendered":"https:\/\/pts.org.pl\/?p=7315"},"modified":"2024-09-21T20:30:04","modified_gmt":"2024-09-21T20:30:04","slug":"zaproszenie-na-konferencje-pod-patronatem-oddzialu-lubelskiego-pts","status":"publish","type":"post","link":"https:\/\/pts.org.pl\/en\/zaproszenie-na-konferencje-pod-patronatem-oddzialu-lubelskiego-pts\/","title":{"rendered":"Zaproszenie na konferencj\u0119 pod patronatem Oddzia\u0142u Lubelskiego PTS"},"content":{"rendered":"<div class=\"fcbkbttn_buttons_block\" id=\"fcbkbttn_left\"><div class=\"fcbkbttn_button\">\n                            <a href=\"https:\/\/www.facebook.com\/\" target=\"_blank\">\n                                <img src=\"https:\/\/pts.org.pl\/wp-content\/plugins\/facebook-button-plugin\/images\/standard-facebook-ico.png\" alt=\"Fb-Button\" \/>\n                            <\/a>\n                        <\/div><div class=\"fcbkbttn_like \"><fb:like href=\"https:\/\/pts.org.pl\/en\/zaproszenie-na-konferencje-pod-patronatem-oddzialu-lubelskiego-pts\/\" action=\"like\" colorscheme=\"light\" layout=\"button_count\"  size=\"small\"><\/fb:like><\/div><\/div>\n<p>Szanowni Pa\u0144stwo,&nbsp;<\/p>\n\n\n\n<p>z przyjemno\u015bci\u0105 zapraszamy Pa\u0144stwa do udzia\u0142u w II Og\u00f3lnopolskiej Konferencji Naukowej &#8220;Kultura ma znaczenie&#8221;, kt\u00f3ra odb\u0119dzie si\u0119 w dniach 21-22 listopada 2024 roku w Lublinie. Konferencja jest organizowana przez Katedr\u0119 Bada\u0144 nad Kultur\u0105 i Komunikacj\u0105 Instytutu Socjologii UMCS oraz Katedr\u0119 Komunikacji Wizualnej i Nowych Medi\u00f3w Instytutu Dziennikarstwa i Zarz\u0105dzania KUL.<\/p>\n\n\n\n<p>Tematem przewodnim tegorocznej konferencji jest dynamika przemian kulturowych, kt\u00f3ra nie ma precedensu w historii. Chcemy przyjrze\u0107 si\u0119 kulturze jako przestrzeni i determinancie ludzkich aktywno\u015bci oraz jej wieloaspektowym mechanizmom. Konferencja jest kontynuacj\u0105 spotkania, kt\u00f3re odby\u0142o si\u0119 w 2018 roku i skupia si\u0119 na interdyscyplinarnym namy\u015ble nad zagadnieniami kulturowymi.<\/p>\n\n\n\n<p>G\u0142\u00f3wne panele konferencji:<\/p>\n\n\n\n<p>1. Wielokulturowo\u015b\u0107 w obliczu polikryzysu.<\/p>\n\n\n\n<p>2.&nbsp;Media w kulturze \u2013 kultura w mediach.<\/p>\n\n\n\n<p>3.&nbsp;Badanie kultury w dobie algorytm\u00f3w.&nbsp;<\/p>\n\n\n\n<p>Konferencja b\u0119dzie odbywa\u0107 si\u0119 w trybie stacjonarnym. J\u0119zykiem konferencji jest polski. Miejsce obrad: Aula Wydzia\u0142u Filozofii i Socjologii UMCS, pl. M. Curie-Sk\u0142odowskiej 4, Lublin.\u00a0<\/p>\n\n\n\n<p>Wysoko\u015b\u0107 op\u0142aty konferencyjnej, obejmuj\u0105cej koszty organizacyjne, materia\u0142y konferencyjne, przerwy kawowe, dwa obiady oraz udzia\u0142 w uroczystej kolacji (21 XI) wynosi: 650 z\u0142 \u2013 pracownicy naukowi 450 z\u0142 \u2013 doktoranci\u00a0\u00a0<\/p>\n\n\n\n<p>Artyku\u0142y pokonferencyjne mog\u0105 by\u0107 opublikowane, po pozytywnych recenzjach, w czasopismach naukowych: \u201eKonteksty Spo\u0142eczne\u201d; \u201eRoczniki Nauk Spo\u0142ecznych KUL\u201d lub w monografii pokonferencyjnej.<\/p>\n\n\n\n<p>Prosimy o przesy\u0142anie abstrakt\u00f3w i tytu\u0142\u00f3w wyst\u0105pie\u0144 (d\u0142ugo\u015b\u0107 900 znak\u00f3w) z podaniem stopnia naukowego, afiliacji oraz danych kontaktowych (adresu mailowego, nr telefonu)\u00a0<strong>do dnia 25 wrze\u015bnia 2024 roku na adres:<\/strong><\/p>\n\n\n\n<p><a rel=\"noreferrer noopener\" href=\"mailto:kultura-ma-znaczenie@mail.umcs.pl\" target=\"_blank\">kultura-ma-znaczenie@mail.umcs.pl<\/a>\u00a0\u00a0<\/p>\n\n\n\n<p>Wi\u0119cej\u00a0szczeg\u00f3\u0142\u00f3w\u00a0na stronie konferencji:\u00a0<\/p>\n\n\n\n<p><a href=\"https:\/\/www.umcs.pl\/pl\/aktualnosci,55,kultura-ma-znaczenie-minione-obecne-i-przyszle-ii-ogolnopolska-konferencja-naukowa,151424.chtm?token=eb27042a9d567fce19edf02de8a8b4e0\">https:\/\/www.umcs.pl\/pl\/aktualnosci,55,kultura-ma-znaczenie-minione-obecne-i-przyszle-ii-ogolnopolska-konferencja-naukowa,151424.chtm?token=eb27042a9d567fce19edf02de8a8b4e0<\/a><\/p>\n\n\n\n<p>Z powa\u017caniem<\/p>\n\n\n\n<p>Organizatorzy konferencji<\/p>\n\n\n\n<p>Katedra Bada\u0144 nad Kultur\u0105 i Komunikacj\u0105, Instytut Socjologii UMCS<br>Katedra Komunikacji Wizualnej i Nowych Medi\u00f3w, Instytut Dziennikarstwa i Zarz\u0105dzania KUL<\/p>\n","protected":false},"excerpt":{"rendered":"<p>Szanowni Pa\u0144stwo,&nbsp; z przyjemno\u015bci\u0105 zapraszamy Pa\u0144stwa do udzia\u0142u w II Og\u00f3lnopolskiej Konferencji Naukowej &#8220;Kultura ma znaczenie&#8221;, kt\u00f3ra odb\u0119dzie si\u0119 w dniach 21-22 listopada 2024 roku w Lublinie. Konferencja jest organizowana przez Katedr\u0119 Bada\u0144 nad Kultur\u0105 i Komunikacj\u0105 Instytutu Socjologii UMCS oraz Katedr\u0119 Komunikacji Wizualnej i Nowych Medi\u00f3w Instytutu Dziennikarstwa i Zarz\u0105dzania KUL. Tematem przewodnim tegorocznej [&hellip;]<\/p>\n","protected":false},"author":11,"featured_media":0,"comment_status":"open","ping_status":"open","sticky":false,"template":"","format":"standard","meta":[],"categories":[],"tags":[],"_links":{"self":[{"href":"https:\/\/pts.org.pl\/en\/wp-json\/wp\/v2\/posts\/7315"}],"collection":[{"href":"https:\/\/pts.org.pl\/en\/wp-json\/wp\/v2\/posts"}],"about":[{"href":"https:\/\/pts.org.pl\/en\/wp-json\/wp\/v2\/types\/post"}],"author":[{"embeddable":true,"href":"https:\/\/pts.org.pl\/en\/wp-json\/wp\/v2\/users\/11"}],"replies":[{"embeddable":true,"href":"https:\/\/pts.org.pl\/en\/wp-json\/wp\/v2\/comments?post=7315"}],"version-history":[{"count":1,"href":"https:\/\/pts.org.pl\/en\/wp-json\/wp\/v2\/posts\/7315\/revisions"}],"predecessor-version":[{"id":7316,"href":"https:\/\/pts.org.pl\/en\/wp-json\/wp\/v2\/posts\/7315\/revisions\/7316"}],"wp:attachment":[{"href":"https:\/\/pts.org.pl\/en\/wp-json\/wp\/v2\/media?parent=7315"}],"wp:term":[{"taxonomy":"category","embeddable":true,"href":"https:\/\/pts.org.pl\/en\/wp-json\/wp\/v2\/categories?post=7315"},{"taxonomy":"post_tag","embeddable":true,"href":"https:\/\/pts.org.pl\/en\/wp-json\/wp\/v2\/tags?post=7315"}],"curies":[{"name":"wp","href":"https:\/\/api.w.org\/{rel}","templated":true}]}}