{"id":7309,"date":"2024-09-04T20:54:00","date_gmt":"2024-09-04T20:54:00","guid":{"rendered":"https:\/\/pts.org.pl\/?p=7309"},"modified":"2024-09-19T20:56:37","modified_gmt":"2024-09-19T20:56:37","slug":"kaja-gadowska-prezydentem-europejskiego-towarzystwa-socjologicznego","status":"publish","type":"post","link":"https:\/\/pts.org.pl\/en\/kaja-gadowska-prezydentem-europejskiego-towarzystwa-socjologicznego\/","title":{"rendered":"Kol. Kaja Gadowska Prezydentem Europejskiego Towarzystwa Socjologicznego"},"content":{"rendered":"<div class=\"fcbkbttn_buttons_block\" id=\"fcbkbttn_left\"><div class=\"fcbkbttn_button\">\n                            <a href=\"https:\/\/www.facebook.com\/\" target=\"_blank\">\n                                <img src=\"https:\/\/pts.org.pl\/wp-content\/plugins\/facebook-button-plugin\/images\/standard-facebook-ico.png\" alt=\"Fb-Button\" \/>\n                            <\/a>\n                        <\/div><div class=\"fcbkbttn_like \"><fb:like href=\"https:\/\/pts.org.pl\/en\/kaja-gadowska-prezydentem-europejskiego-towarzystwa-socjologicznego\/\" action=\"like\" colorscheme=\"light\" layout=\"button_count\"  size=\"small\"><\/fb:like><\/div><\/div>\n<p>Szanowne Kole\u017canki,<\/p>\n\n\n\n<p>Szanowni Koledzy,<\/p>\n\n\n\n<p>Z wielk\u0105 rado\u015bci\u0105 przekazujemy informacj\u0119 o wyborze naszej Kole\u017canki Kai Gadowskiej na Prezydenta Europejskiego Towarzystwa Socjologicznego!<\/p>\n\n\n\n<p>Zarz\u0105d G\u0142\u00f3wny PTS<\/p>\n","protected":false},"excerpt":{"rendered":"<p>Szanowne Kole\u017canki, Szanowni Koledzy, Z wielk\u0105 rado\u015bci\u0105 przekazujemy informacj\u0119 o wyborze naszej Kole\u017canki Kai Gadowskiej na Prezydenta Europejskiego Towarzystwa Socjologicznego! Zarz\u0105d G\u0142\u00f3wny PTS<\/p>\n","protected":false},"author":11,"featured_media":0,"comment_status":"open","ping_status":"open","sticky":false,"template":"","format":"standard","meta":[],"categories":[],"tags":[],"_links":{"self":[{"href":"https:\/\/pts.org.pl\/en\/wp-json\/wp\/v2\/posts\/7309"}],"collection":[{"href":"https:\/\/pts.org.pl\/en\/wp-json\/wp\/v2\/posts"}],"about":[{"href":"https:\/\/pts.org.pl\/en\/wp-json\/wp\/v2\/types\/post"}],"author":[{"embeddable":true,"href":"https:\/\/pts.org.pl\/en\/wp-json\/wp\/v2\/users\/11"}],"replies":[{"embeddable":true,"href":"https:\/\/pts.org.pl\/en\/wp-json\/wp\/v2\/comments?post=7309"}],"version-history":[{"count":2,"href":"https:\/\/pts.org.pl\/en\/wp-json\/wp\/v2\/posts\/7309\/revisions"}],"predecessor-version":[{"id":7311,"href":"https:\/\/pts.org.pl\/en\/wp-json\/wp\/v2\/posts\/7309\/revisions\/7311"}],"wp:attachment":[{"href":"https:\/\/pts.org.pl\/en\/wp-json\/wp\/v2\/media?parent=7309"}],"wp:term":[{"taxonomy":"category","embeddable":true,"href":"https:\/\/pts.org.pl\/en\/wp-json\/wp\/v2\/categories?post=7309"},{"taxonomy":"post_tag","embeddable":true,"href":"https:\/\/pts.org.pl\/en\/wp-json\/wp\/v2\/tags?post=7309"}],"curies":[{"name":"wp","href":"https:\/\/api.w.org\/{rel}","templated":true}]}}