{"id":7307,"date":"2024-09-19T20:46:23","date_gmt":"2024-09-19T20:46:23","guid":{"rendered":"https:\/\/pts.org.pl\/?p=7307"},"modified":"2024-09-19T20:46:24","modified_gmt":"2024-09-19T20:46:24","slug":"zaproszenie-na-ii-seminarium-im-prof-krystyny-szafraniec","status":"publish","type":"post","link":"https:\/\/pts.org.pl\/en\/zaproszenie-na-ii-seminarium-im-prof-krystyny-szafraniec\/","title":{"rendered":"Zaproszenie na II Seminarium im. Prof. Krystyny Szafraniec"},"content":{"rendered":"<div class=\"fcbkbttn_buttons_block\" id=\"fcbkbttn_left\"><div class=\"fcbkbttn_button\">\n                            <a href=\"https:\/\/www.facebook.com\/\" target=\"_blank\">\n                                <img src=\"https:\/\/pts.org.pl\/wp-content\/plugins\/facebook-button-plugin\/images\/standard-facebook-ico.png\" alt=\"Fb-Button\" \/>\n                            <\/a>\n                        <\/div><div class=\"fcbkbttn_like \"><fb:like href=\"https:\/\/pts.org.pl\/en\/zaproszenie-na-ii-seminarium-im-prof-krystyny-szafraniec\/\" action=\"like\" colorscheme=\"light\" layout=\"button_count\"  size=\"small\"><\/fb:like><\/div><\/div>\n<p class=\"has-text-align-center\">ZAPROSZENIE<\/p>\n\n\n\n<p class=\"has-text-align-center\">II Seminarium im. Prof. Krystyny Szafraniec<\/p>\n\n\n\n<p class=\"has-text-align-center\"><strong>\u201eM\u0142odzi &#8211; przemiany przestrzeni uczestnictwa\u201d<\/strong><\/p>\n\n\n\n<p class=\"has-text-align-center\"><strong>10-11 pa\u017adziernika 2024<\/strong><\/p>\n\n\n\n<p class=\"has-text-align-center\">Instytut Socjologii, Uniwersytet Zielonog\u00f3rski<\/p>\n\n\n\n<p class=\"has-text-align-center\">Organizatorzy:<\/p>\n\n\n\n<p class=\"has-text-align-center\">Sekcja Socjologii M\u0142odzie\u017cy i Edukacji PTS<\/p>\n\n\n\n<p class=\"has-text-align-center\">Instytut Socjologii, Uniwersytet Zielonog\u00f3rski<\/p>\n\n\n\n<p>Serdecznie zapraszamy na II Seminarium im. prof. Krystyny Szafraniec, kt\u00f3re zosta\u0142o zainicjowane w 2023 roku w Toruniu. Prof. Krystyna Szafraniec (1955-2022), za\u0142o\u017cycielka naszej Sekcji Socjologii M\u0142odzie\u017cy i Edukacji PTS, wpisa\u0142a si\u0119 trwale w dorobek socjologii m\u0142odzie\u017cy, a jej prace naukowe na temat m\u0142odego pokolenia, zmiany spo\u0142ecznej czy obywatelstwa by\u0142y kluczowe do zrozumienia przemian w Polsce. Seminarium b\u0119dzie okazj\u0105 do spotkania si\u0119 w ramach Sekcji oraz prezentacji i dyskusji bada\u0144 prowadzonych przez cz\u0142onk\u00f3w i cz\u0142onkinie Sekcji. Seminarium jest inicjatyw\u0105 Sekcji i odbywa si\u0119 ju\u017c po raz drugi.<\/p>\n\n\n\n<p><strong>Termin zg\u0142osze\u0144 (z referatem lub bez referatu): 25 wrze\u015bnia 2024.<\/strong><\/p>\n\n\n\n<p>Rejestracja na seminarium i zg\u0142oszenie referatu jest mo\u017cliwa poprzez link:&nbsp;<a href=\"https:\/\/forms.office.com\/e\/qXBBBD7qbk\" target=\"_blank\" rel=\"noreferrer noopener\">https:\/\/forms.office.com\/e\/qXBBBD7qbk<\/a><\/p>\n\n\n\n<p>Ze wzgl\u0119du na mo\u017cliwo\u015b\u0107 dofinansowania podr\u00f3\u017cy osobom wyg\u0142aszaj\u0105cym referat, prosimy o zaznaczenie takiej potrzeby w zg\u0142oszeniu. Organizatorzy zapewniaj\u0105 przerw\u0119 kawow\u0105.<\/p>\n\n\n\n<p><strong>Ramowy program Seminarium:<\/strong><\/p>\n\n\n\n<p><strong>Dzie\u0144 I. 10 pa\u017adziernika 2024<\/strong><\/p>\n\n\n\n<p>9.30-9.45 &nbsp;Powitanie<\/p>\n\n\n\n<p>Organizatorki &#8211; Prof. Beata Trzop, prof. Dorota Szaban (Uniwersytet Zielonog\u00f3rski)<\/p>\n\n\n\n<p>Zarz\u0105d Sekcji Socjologii M\u0142odzie\u017cy i Edukacji PTS &nbsp;&#8211; dr Ewa Krzaklewska<\/p>\n\n\n\n<p>9.45-10. 00 &nbsp;Wspomnienie o Prof. Krystynie Szafraniec &#8211; Prof. Maria Zieli\u0144ska (Uniwersytet Zielonog\u00f3rski)<\/p>\n\n\n\n<p>10-11.30 Wyk\u0142ad go\u015bcinny i dyskusja<\/p>\n\n\n\n<p>&nbsp;dr Monika Kwieci\u0144ska-Zdrenka (<a href=\"https:\/\/www.umk.pl\/\" target=\"_blank\" rel=\"noreferrer noopener\">Uniwersytet Miko\u0142aja Kopernika w Toruniu)<\/a><\/p>\n\n\n\n<p><strong>&nbsp;&#8220;Polityczno\u015b\u0107 m\u0142odzie\u017cy. Od odobywatelnienia do obywatelskiego trz\u0119sienia ziemi?&#8221;&nbsp;<\/strong>&nbsp;<\/p>\n\n\n\n<p>11.30-12.00 Przerwa kawowa<\/p>\n\n\n\n<p>12.00-13.30 Referaty uczestnik\u00f3w\/ek<\/p>\n\n\n\n<p>13.30-14.30 Obiad<\/p>\n\n\n\n<p>14.30 -16.30 Referaty uczestnik\u00f3w\/ek<\/p>\n\n\n\n<p><strong>Miejsce obrad:<\/strong><\/p>\n\n\n\n<p>Wydzia\u0142 Nauk Spo\u0142ecznych, Uniwersytetu Zielonog\u00f3rskiego, al. Wojska Polskiego 69, Zielona G\u00f3ra, Kampus B, budynek A-16, sala 131<\/p>\n\n\n\n<p><strong>Dzie\u0144 II. 11 pa\u017adziernika<\/strong>&nbsp;(dla os\u00f3b zaanga\u017cowanych w prace nad podr\u0119cznikiem socjologii m\u0142odzie\u017cy)<br>9.00-13.00 Prace nad&nbsp;podr\u0119cznikiem socjologii m\u0142odzie\u017cy<\/p>\n\n\n\n<p><strong>Miejsce obrad<\/strong><br>Instytut Socjologii, Al. Wojska Polskiego 69, Zielona G\u00f3ra, Kampus B, Budynek A-17, s. 302 R<\/p>\n\n\n\n<p>Serdecznie zapraszamy do udzia\u0142u!<\/p>\n\n\n\n<p>Ewa Krzaklewska, Przewodnicz\u0105ca Sekcji wraz z Zarz\u0105dem<\/p>\n","protected":false},"excerpt":{"rendered":"<p>ZAPROSZENIE II Seminarium im. Prof. Krystyny Szafraniec \u201eM\u0142odzi &#8211; przemiany przestrzeni uczestnictwa\u201d 10-11 pa\u017adziernika 2024 Instytut Socjologii, Uniwersytet Zielonog\u00f3rski Organizatorzy: Sekcja Socjologii M\u0142odzie\u017cy i Edukacji PTS Instytut Socjologii, Uniwersytet Zielonog\u00f3rski Serdecznie zapraszamy na II Seminarium im. prof. Krystyny Szafraniec, kt\u00f3re zosta\u0142o zainicjowane w 2023 roku w Toruniu. Prof. Krystyna Szafraniec (1955-2022), za\u0142o\u017cycielka naszej Sekcji Socjologii [&hellip;]<\/p>\n","protected":false},"author":11,"featured_media":0,"comment_status":"open","ping_status":"open","sticky":false,"template":"","format":"standard","meta":[],"categories":[],"tags":[],"_links":{"self":[{"href":"https:\/\/pts.org.pl\/en\/wp-json\/wp\/v2\/posts\/7307"}],"collection":[{"href":"https:\/\/pts.org.pl\/en\/wp-json\/wp\/v2\/posts"}],"about":[{"href":"https:\/\/pts.org.pl\/en\/wp-json\/wp\/v2\/types\/post"}],"author":[{"embeddable":true,"href":"https:\/\/pts.org.pl\/en\/wp-json\/wp\/v2\/users\/11"}],"replies":[{"embeddable":true,"href":"https:\/\/pts.org.pl\/en\/wp-json\/wp\/v2\/comments?post=7307"}],"version-history":[{"count":1,"href":"https:\/\/pts.org.pl\/en\/wp-json\/wp\/v2\/posts\/7307\/revisions"}],"predecessor-version":[{"id":7308,"href":"https:\/\/pts.org.pl\/en\/wp-json\/wp\/v2\/posts\/7307\/revisions\/7308"}],"wp:attachment":[{"href":"https:\/\/pts.org.pl\/en\/wp-json\/wp\/v2\/media?parent=7307"}],"wp:term":[{"taxonomy":"category","embeddable":true,"href":"https:\/\/pts.org.pl\/en\/wp-json\/wp\/v2\/categories?post=7307"},{"taxonomy":"post_tag","embeddable":true,"href":"https:\/\/pts.org.pl\/en\/wp-json\/wp\/v2\/tags?post=7307"}],"curies":[{"name":"wp","href":"https:\/\/api.w.org\/{rel}","templated":true}]}}