{"id":7295,"date":"2024-09-14T10:56:00","date_gmt":"2024-09-14T10:56:00","guid":{"rendered":"https:\/\/pts.org.pl\/?p=7295"},"modified":"2024-09-16T10:59:53","modified_gmt":"2024-09-16T10:59:53","slug":"zaproszenie-na-jubileuszowa-konferencje-naukowa-60-lecie-socjologii-zdrowia-i-medycyny-w-polsce-aplikacyjny-wymiar-prowadzonych-badan-i-refleksji-teoretycznych","status":"publish","type":"post","link":"https:\/\/pts.org.pl\/en\/zaproszenie-na-jubileuszowa-konferencje-naukowa-60-lecie-socjologii-zdrowia-i-medycyny-w-polsce-aplikacyjny-wymiar-prowadzonych-badan-i-refleksji-teoretycznych\/","title":{"rendered":"Zaproszenie na Jubileuszow\u0105 Konferencj\u0119 Naukow\u0105 \u201e60. LECIE SOCJOLOGII ZDROWIA I MEDYCYNY w Polsce. Aplikacyjny wymiar prowadzonych bada\u0144 i refleksji teoretycznych\u201d"},"content":{"rendered":"<div class=\"fcbkbttn_buttons_block\" id=\"fcbkbttn_left\"><div class=\"fcbkbttn_button\">\n                            <a href=\"https:\/\/www.facebook.com\/\" target=\"_blank\">\n                                <img src=\"https:\/\/pts.org.pl\/wp-content\/plugins\/facebook-button-plugin\/images\/standard-facebook-ico.png\" alt=\"Fb-Button\" \/>\n                            <\/a>\n                        <\/div><div class=\"fcbkbttn_like \"><fb:like href=\"https:\/\/pts.org.pl\/en\/zaproszenie-na-jubileuszowa-konferencje-naukowa-60-lecie-socjologii-zdrowia-i-medycyny-w-polsce-aplikacyjny-wymiar-prowadzonych-badan-i-refleksji-teoretycznych\/\" action=\"like\" colorscheme=\"light\" layout=\"button_count\"  size=\"small\"><\/fb:like><\/div><\/div>\n<p>Szanowni Pa\u0144stwo,<\/p>\n\n\n\n<p>W zwi\u0105zku z przypadaj\u0105c\u0105 w bie\u017c\u0105cym roku 60. rocznic\u0105 powo\u0142ania Sekcji Socjologii Medycyny w ramach Polskiego Towarzystwa Socjologicznego, zarz\u0105d Sekcji we wsp\u00f3\u0142pracy z Instytutem Filozofii i Socjologii PAN, podj\u0105\u0142 inicjatyw\u0119 zorganizowania Jubileuszowej Konferencji Naukowej&nbsp;<strong>\u201e60. LECIE SOCJOLOGII ZDROWIA I MEDYCYNY w Polsce. Aplikacyjny wymiar prowadzonych bada\u0144 i refleksji teoretycznych\u201d.<\/strong><\/p>\n\n\n\n<p>W zamy\u015ble Organizator\u00f3w, Konferencja ta opr\u00f3cz uhonorowania tego wa\u017cnego dla naszego \u015brodowiska jubileuszu, ma na celu ukazanie aplikacyjnego charakteru socjologii zdrowia i medycyny, mo\u017cliwo\u015bci zastosowania wynik\u00f3w bada\u0144 oraz refleksji teoretycznych w praktyce \u017cycia spo\u0142ecznego. Spotkanie b\u0119dzie r\u00f3wnie\u017c wspania\u0142\u0105 okazj\u0105, by podj\u0105\u0107 refleksj\u0119 na temat przysz\u0142o\u015bci naszej subdyscypliny, a tak\u017ce do wymiany my\u015bli i do\u015bwiadcze\u0144 oraz integracji \u015brodowiska socjolog\u00f3w zajmuj\u0105cych si\u0119 problematyk\u0105 zdrowia, choroby i medycyny.&nbsp;&nbsp;<\/p>\n\n\n\n<p>Konferencja odb\u0119dzie si\u0119&nbsp;<strong>22.11.2024 r. (pi\u0105tek)<\/strong>&nbsp;w siedzibie Instytutu Filozofii i Socjologii PAN, a zarazem miejscu powstania Sekcji Socjologii Zdrowia i Medycyny PTS \u2013&nbsp;<strong>w Pa\u0142acu Staszica<\/strong>&nbsp;<strong>w Warszawie<\/strong>&nbsp;(ul. Nowy \u015awiat 72, sala Marii Curie-Sk\u0142odowskiej). Udzia\u0142 w konferencji jest bezp\u0142atny. &nbsp;&nbsp;<\/p>\n\n\n\n<p>Serdecznie zapraszamy wszystkich Cz\u0142onk\u00f3w Sekcji Socjologii Zdrowia i Medycyny PTS, wszystkich, kt\u00f3rzy czuj\u0105 si\u0119 zwi\u0105zani ze \u015brodowiskiem socjolog\u00f3w zajmuj\u0105cych si\u0119 socjologi\u0105 zdrowia i medycyny w Polsce, a tak\u017ce wszystkie osoby zainteresowane t\u0105 tematyk\u0105.<\/p>\n\n\n\n<p>Ze wzgl\u0119d\u00f3w organizacyjnych uprzejmie prosimy o rejestracj\u0119 udzia\u0142u w Konferencji do dnia 30 wrze\u015bnia 2024 r..<\/p>\n\n\n\n<p><strong>Link do rejestracji<\/strong>:&nbsp;<a href=\"https:\/\/forms.gle\/MbwLX8Cb1SdeSstn9\" target=\"_blank\" rel=\"noreferrer noopener\">https:\/\/forms.gle\/MbwLX8Cb1SdeSstn9<\/a><\/p>\n\n\n\n<p>W za\u0142\u0105czeniu przesy\u0142amy&nbsp;<strong>ramowy program konferencji<\/strong>&nbsp;wraz z opisem problematyki.<\/p>\n\n\n\n<p>Bardzo liczymy na Pa\u0144stwa obecno\u015b\u0107 na obradach oraz g\u0142os w dyskusji.<\/p>\n\n\n\n<p>Z wyrazami szacunku oraz pozdrowieniami<\/p>\n\n\n\n<p><em>dr hab. Ma\u0142gorzata Synowiec-Pi\u0142at<\/em><\/p>\n\n\n\n<p><em>dr Krzysztof Puchalski<\/em><\/p>\n\n\n\n<p><em>dr Agnieszka Borowiec<\/em><\/p>\n\n\n\n<p>Zarz\u0105d Sekcji SZiM PTS<\/p>\n\n\n\n<div class=\"wp-block-file\"><object class=\"wp-block-file__embed\" data=\"https:\/\/pts.org.pl\/wp-content\/uploads\/2024\/09\/60-lecie-SSZiM-PTS-Zaproszenie.pdf\" type=\"application\/pdf\" style=\"width:100%;height:600px\" aria-label=\"Osadzone z 60-lecie-SSZiM-PTS-Zaproszenie.\"><\/object><a href=\"https:\/\/pts.org.pl\/wp-content\/uploads\/2024\/09\/60-lecie-SSZiM-PTS-Zaproszenie.pdf\">60-lecie-SSZiM-PTS-Zaproszenie<\/a><a href=\"https:\/\/pts.org.pl\/wp-content\/uploads\/2024\/09\/60-lecie-SSZiM-PTS-Zaproszenie.pdf\" class=\"wp-block-file__button\" download>Pobierz<\/a><\/div>\n","protected":false},"excerpt":{"rendered":"<p>Szanowni Pa\u0144stwo, W zwi\u0105zku z przypadaj\u0105c\u0105 w bie\u017c\u0105cym roku 60. rocznic\u0105 powo\u0142ania Sekcji Socjologii Medycyny w ramach Polskiego Towarzystwa Socjologicznego, zarz\u0105d Sekcji we wsp\u00f3\u0142pracy z Instytutem Filozofii i Socjologii PAN, podj\u0105\u0142 inicjatyw\u0119 zorganizowania Jubileuszowej Konferencji Naukowej&nbsp;\u201e60. LECIE SOCJOLOGII ZDROWIA I MEDYCYNY w Polsce. Aplikacyjny wymiar prowadzonych bada\u0144 i refleksji teoretycznych\u201d. W zamy\u015ble Organizator\u00f3w, Konferencja ta [&hellip;]<\/p>\n","protected":false},"author":11,"featured_media":0,"comment_status":"open","ping_status":"open","sticky":false,"template":"","format":"standard","meta":[],"categories":[],"tags":[],"_links":{"self":[{"href":"https:\/\/pts.org.pl\/en\/wp-json\/wp\/v2\/posts\/7295"}],"collection":[{"href":"https:\/\/pts.org.pl\/en\/wp-json\/wp\/v2\/posts"}],"about":[{"href":"https:\/\/pts.org.pl\/en\/wp-json\/wp\/v2\/types\/post"}],"author":[{"embeddable":true,"href":"https:\/\/pts.org.pl\/en\/wp-json\/wp\/v2\/users\/11"}],"replies":[{"embeddable":true,"href":"https:\/\/pts.org.pl\/en\/wp-json\/wp\/v2\/comments?post=7295"}],"version-history":[{"count":1,"href":"https:\/\/pts.org.pl\/en\/wp-json\/wp\/v2\/posts\/7295\/revisions"}],"predecessor-version":[{"id":7297,"href":"https:\/\/pts.org.pl\/en\/wp-json\/wp\/v2\/posts\/7295\/revisions\/7297"}],"wp:attachment":[{"href":"https:\/\/pts.org.pl\/en\/wp-json\/wp\/v2\/media?parent=7295"}],"wp:term":[{"taxonomy":"category","embeddable":true,"href":"https:\/\/pts.org.pl\/en\/wp-json\/wp\/v2\/categories?post=7295"},{"taxonomy":"post_tag","embeddable":true,"href":"https:\/\/pts.org.pl\/en\/wp-json\/wp\/v2\/tags?post=7295"}],"curies":[{"name":"wp","href":"https:\/\/api.w.org\/{rel}","templated":true}]}}