{"id":7262,"date":"2024-05-11T08:23:00","date_gmt":"2024-05-11T08:23:00","guid":{"rendered":"https:\/\/pts.org.pl\/?p=7262"},"modified":"2024-07-04T08:26:08","modified_gmt":"2024-07-04T08:26:08","slug":"konferencja-sekcji-socjologii-srodowiska","status":"publish","type":"post","link":"https:\/\/pts.org.pl\/en\/konferencja-sekcji-socjologii-srodowiska\/","title":{"rendered":"Konferencja Sekcji Socjologii \u015arodowiska"},"content":{"rendered":"<div class=\"fcbkbttn_buttons_block\" id=\"fcbkbttn_left\"><div class=\"fcbkbttn_button\">\n                            <a href=\"https:\/\/www.facebook.com\/\" target=\"_blank\">\n                                <img src=\"https:\/\/pts.org.pl\/wp-content\/plugins\/facebook-button-plugin\/images\/standard-facebook-ico.png\" alt=\"Fb-Button\" \/>\n                            <\/a>\n                        <\/div><div class=\"fcbkbttn_like \"><fb:like href=\"https:\/\/pts.org.pl\/en\/konferencja-sekcji-socjologii-srodowiska\/\" action=\"like\" colorscheme=\"light\" layout=\"button_count\"  size=\"small\"><\/fb:like><\/div><\/div>\n<p><strong>Sekcja Socjologii \u015arodowiska serdecznie zaprasza na II Konferencj\u0119 Sekcji<\/strong>, kt\u00f3ra odb\u0119dzie si\u0119 w dniach 26-27 wrze\u015bnia w Warszawie.<\/p>\n\n\n\n<p>Celem konferencji jest integracja cz\u0142onk\u00f3w Sekcji oraz sympatyk\u00f3w socjologii \u015brodowiska w Polsce, wymiana do\u015bwiadcze\u0144 i informacji o realizowanych badaniach, rozw\u00f3j umiej\u0119tno\u015bci badawczych oraz inspiracja wsp\u00f3\u0142pracy i dalszych bada\u0144 w obszarze socjologii \u015brodowiska. Obok klasycznej sesji referatowej, zapraszamy na seminarium wsp\u00f3lnej pracy nad tekstem, spacer badawczy oraz wiecz\u00f3r integracyjny.<\/p>\n\n\n\n<p><strong>Nab\u00f3r zg\u0142osze\u0144<\/strong>&nbsp;odbywa si\u0119 do 30 maja, autorzy zostan\u0105 poinformowani o wynikach do 15 czerwca. Abstrakty do 250 s\u0142\u00f3w prosimy przesy\u0142a\u0107 przez formularz online:&nbsp;<a href=\"https:\/\/forms.gle\/s712Ds5jBBM3ZMJC7\" target=\"_blank\" rel=\"noreferrer noopener\">https:\/\/forms.gle\/s712Ds5jBBM3ZMJC7<\/a><\/p>\n\n\n\n<p>Nie pobieramy op\u0142at za uczestnictwo, planujemy dofinansowanie koszt\u00f3w dojazdu i noclegu dla cz\u0119\u015bci uczestnik\u00f3w.<\/p>\n\n\n\n<p>Zarz\u0105d Sekcji Socjologii \u015arodowiska<\/p>\n\n\n\n<div class=\"wp-block-file\"><object class=\"wp-block-file__embed\" data=\"https:\/\/pts.org.pl\/wp-content\/uploads\/2024\/07\/Drugi-Komunikat-Konferencji-SSS\u0301.pdf\" type=\"application\/pdf\" style=\"width:100%;height:600px\" aria-label=\"Osadzone z Drugi-Komunikat-Konferencji-SSS\u0301.\"><\/object><a href=\"https:\/\/pts.org.pl\/wp-content\/uploads\/2024\/07\/Drugi-Komunikat-Konferencji-SSS\u0301.pdf\">Drugi-Komunikat-Konferencji-SSS\u0301<\/a><a href=\"https:\/\/pts.org.pl\/wp-content\/uploads\/2024\/07\/Drugi-Komunikat-Konferencji-SSS\u0301.pdf\" class=\"wp-block-file__button\" download>Pobierz<\/a><\/div>\n","protected":false},"excerpt":{"rendered":"<p>Sekcja Socjologii \u015arodowiska serdecznie zaprasza na II Konferencj\u0119 Sekcji, kt\u00f3ra odb\u0119dzie si\u0119 w dniach 26-27 wrze\u015bnia w Warszawie. Celem konferencji jest integracja cz\u0142onk\u00f3w Sekcji oraz sympatyk\u00f3w socjologii \u015brodowiska w Polsce, wymiana do\u015bwiadcze\u0144 i informacji o realizowanych badaniach, rozw\u00f3j umiej\u0119tno\u015bci badawczych oraz inspiracja wsp\u00f3\u0142pracy i dalszych bada\u0144 w obszarze socjologii \u015brodowiska. Obok klasycznej sesji referatowej, zapraszamy [&hellip;]<\/p>\n","protected":false},"author":11,"featured_media":0,"comment_status":"open","ping_status":"open","sticky":false,"template":"","format":"standard","meta":[],"categories":[],"tags":[],"_links":{"self":[{"href":"https:\/\/pts.org.pl\/en\/wp-json\/wp\/v2\/posts\/7262"}],"collection":[{"href":"https:\/\/pts.org.pl\/en\/wp-json\/wp\/v2\/posts"}],"about":[{"href":"https:\/\/pts.org.pl\/en\/wp-json\/wp\/v2\/types\/post"}],"author":[{"embeddable":true,"href":"https:\/\/pts.org.pl\/en\/wp-json\/wp\/v2\/users\/11"}],"replies":[{"embeddable":true,"href":"https:\/\/pts.org.pl\/en\/wp-json\/wp\/v2\/comments?post=7262"}],"version-history":[{"count":1,"href":"https:\/\/pts.org.pl\/en\/wp-json\/wp\/v2\/posts\/7262\/revisions"}],"predecessor-version":[{"id":7264,"href":"https:\/\/pts.org.pl\/en\/wp-json\/wp\/v2\/posts\/7262\/revisions\/7264"}],"wp:attachment":[{"href":"https:\/\/pts.org.pl\/en\/wp-json\/wp\/v2\/media?parent=7262"}],"wp:term":[{"taxonomy":"category","embeddable":true,"href":"https:\/\/pts.org.pl\/en\/wp-json\/wp\/v2\/categories?post=7262"},{"taxonomy":"post_tag","embeddable":true,"href":"https:\/\/pts.org.pl\/en\/wp-json\/wp\/v2\/tags?post=7262"}],"curies":[{"name":"wp","href":"https:\/\/api.w.org\/{rel}","templated":true}]}}