{"id":725,"date":"2016-02-03T10:17:02","date_gmt":"2016-02-03T10:17:02","guid":{"rendered":"http:\/\/www.pts.org.pl\/?p=725"},"modified":"2016-04-06T10:17:15","modified_gmt":"2016-04-06T10:17:15","slug":"iv-ogolnopolska-interdyscyplinarna-konferencja-naukowa-z-serii-wspolczesne-przestrzenie-edukacyjne-biografistyki-na-temat-obcy-wsrod-swoich-wychowawczy-wymiar-biografii-pogranicza","status":"publish","type":"post","link":"https:\/\/pts.org.pl\/en\/iv-ogolnopolska-interdyscyplinarna-konferencja-naukowa-z-serii-wspolczesne-przestrzenie-edukacyjne-biografistyki-na-temat-obcy-wsrod-swoich-wychowawczy-wymiar-biografii-pogranicza\/","title":{"rendered":"(Polski) IV Og\u00f3lnopolska Interdyscyplinarna Konferencja Naukowa z serii Wsp\u00f3\u0142czesne przestrzenie edukacyjne biografistyki na temat: Obcy w\u015br\u00f3d swoich: wychowawczy wymiar biografii pogranicza"},"content":{"rendered":"<p class=\"qtranxs-available-languages-message qtranxs-available-languages-message-en\">Sorry, this entry is only available in <a href=\"https:\/\/pts.org.pl\/pl\/wp-json\/wp\/v2\/posts\/725\" class=\"qtranxs-available-language-link qtranxs-available-language-link-pl\" title=\"Polski\">Polish<\/a>.<\/p>","protected":false},"excerpt":{"rendered":"<p>Sorry, this entry is only available in Polish.<\/p>\n","protected":false},"author":7,"featured_media":0,"comment_status":"open","ping_status":"open","sticky":false,"template":"","format":"standard","meta":[],"categories":[],"tags":[],"_links":{"self":[{"href":"https:\/\/pts.org.pl\/en\/wp-json\/wp\/v2\/posts\/725"}],"collection":[{"href":"https:\/\/pts.org.pl\/en\/wp-json\/wp\/v2\/posts"}],"about":[{"href":"https:\/\/pts.org.pl\/en\/wp-json\/wp\/v2\/types\/post"}],"author":[{"embeddable":true,"href":"https:\/\/pts.org.pl\/en\/wp-json\/wp\/v2\/users\/7"}],"replies":[{"embeddable":true,"href":"https:\/\/pts.org.pl\/en\/wp-json\/wp\/v2\/comments?post=725"}],"version-history":[{"count":1,"href":"https:\/\/pts.org.pl\/en\/wp-json\/wp\/v2\/posts\/725\/revisions"}],"predecessor-version":[{"id":729,"href":"https:\/\/pts.org.pl\/en\/wp-json\/wp\/v2\/posts\/725\/revisions\/729"}],"wp:attachment":[{"href":"https:\/\/pts.org.pl\/en\/wp-json\/wp\/v2\/media?parent=725"}],"wp:term":[{"taxonomy":"category","embeddable":true,"href":"https:\/\/pts.org.pl\/en\/wp-json\/wp\/v2\/categories?post=725"},{"taxonomy":"post_tag","embeddable":true,"href":"https:\/\/pts.org.pl\/en\/wp-json\/wp\/v2\/tags?post=725"}],"curies":[{"name":"wp","href":"https:\/\/api.w.org\/{rel}","templated":true}]}}