{"id":7240,"date":"2024-06-18T13:54:52","date_gmt":"2024-06-18T13:54:52","guid":{"rendered":"https:\/\/pts.org.pl\/?p=7240"},"modified":"2024-06-18T13:54:54","modified_gmt":"2024-06-18T13:54:54","slug":"zaproszenie-na-debate-o-debacie-28-czerwca-godz-1730-faktyczny-dom-kultury-w-warszawie","status":"publish","type":"post","link":"https:\/\/pts.org.pl\/en\/zaproszenie-na-debate-o-debacie-28-czerwca-godz-1730-faktyczny-dom-kultury-w-warszawie\/","title":{"rendered":"Zaproszenie na &#8220;Debat\u0119 o debacie&#8221;: 28 czerwca, godz. 17:30, Faktyczny Dom Kultury w Warszawie"},"content":{"rendered":"<div class=\"fcbkbttn_buttons_block\" id=\"fcbkbttn_left\"><div class=\"fcbkbttn_button\">\n                            <a href=\"https:\/\/www.facebook.com\/\" target=\"_blank\">\n                                <img src=\"https:\/\/pts.org.pl\/wp-content\/plugins\/facebook-button-plugin\/images\/standard-facebook-ico.png\" alt=\"Fb-Button\" \/>\n                            <\/a>\n                        <\/div><div class=\"fcbkbttn_like \"><fb:like href=\"https:\/\/pts.org.pl\/en\/zaproszenie-na-debate-o-debacie-28-czerwca-godz-1730-faktyczny-dom-kultury-w-warszawie\/\" action=\"like\" colorscheme=\"light\" layout=\"button_count\"  size=\"small\"><\/fb:like><\/div><\/div>\n<p>Sekcja Bada\u0144 Komunikacji Spo\u0142ecznej PTS serdecznie zaprasza na&nbsp;<strong>III Debat\u0119 o debacie publicznej<\/strong>, kt\u00f3ra odb\u0119dzie si\u0119 w&nbsp;<strong>Warszawie<\/strong>, w&nbsp;<strong>Faktycznym Domu Kultury (ul. Ga\u0142czy\u0144skiego 12), 28 czerwca (pi\u0105tek) o godz. 17:30<\/strong>.<\/p>\n\n\n\n<p><strong>NIECHCIANE TEMATY: DEBATA PUBLICZNA W CZASIE WYBOR\u00d3W<\/strong><\/p>\n\n\n\n<p>Czas wybor\u00f3w to dla debaty publicznej trudny okres. Z jednej strony, wydawa\u0142oby si\u0119, \u017ce w takich okoliczno\u015bciach nie ma spraw, o kt\u00f3rych polityczki i politycy wahaliby si\u0119 m\u00f3wi\u0107. Je\u015bli wi\u0119c istnieje jeszcze jakie\u015b tabu w debacie politycznej, to w czasie oko\u0142owyborczym zostanie ono z\u0142amane. Z drugiej strony, jest jednak tak, \u017ce wci\u0105\u017c pewne problemy s\u0105 zamiatane pod dywan, a kampania wyborcza okazuje si\u0119 do tego wygodn\u0105 wym\u00f3wk\u0105. To zjawisko by\u0142o zauwa\u017calne tak\u017ce w trakcie ostatnich kampanii wyborczych w Polsce: parlamentarnej, samorz\u0105dowej i europejskiej.<\/p>\n\n\n\n<p>W ramach cyklu &#8220;Debata o debacie&#8221; chcemy si\u0119 zastanowi\u0107, kt\u00f3re tematy s\u0105 \u201eniedyskutowalne\u201d w trakcie kampanii wyborczej, kto i na jakiej podstawie o tym decyduje.<\/p>\n\n\n\n<p>Czy czas wybor\u00f3w to rzeczywi\u015bcie z\u0142y czas na debat\u0119? Jakie s\u0105 spo\u0142eczne zyski, a jakie straty z polityczno-publicznego debatowania o sprawach, kt\u00f3re budz\u0105 kontrowersje, jak np. prawo do aborcji, zwi\u0105zki partnerskie, polityka migracyjna i ochrona praw mniejszo\u015bci? Innymi s\u0142owy, czy w demokracji mo\u017ce istnie\u0107 nieodpowiedni czas na debat\u0119 o sprawach fundamentalnych, jak prawa cz\u0142owieka?<\/p>\n\n\n\n<p>W debacie udzia\u0142 wezm\u0105:<\/p>\n\n\n\n<p><strong>Magdalena Chrzczonowicz<\/strong>: wicenaczelna OKO.press, redaktorka, dziennikarka. W OKO.press od pocz\u0105tku, pisze o prawach cz\u0142owieka, szczeg\u00f3lnie prawach kobiet i os\u00f3b uchod\u017aczych, polityce i migracji. Nominowana do nagrody Pi\u00f3ro Nadziei 2023 Amnesty International i do Nagrody Radia ZET im. Andrzeja Woyciechowskiego w 2023 r. Wcze\u015bniej przez 10 lat pracowa\u0142a w organizacjach pozarz\u0105dowych (m.in. Humanity in Action Polska, Centrum Edukacji Obywatelskiej) przy projektach spo\u0142ecznych i badawczych.<\/p>\n\n\n\n<p><strong>Iza\/bela Desperak<\/strong>:&nbsp;socjolo\u017cka gender i polityki, adiunktka w Katedrze Socjologii Polityki i Moralno\u015bci IS U\u0141, cz\u0142onkini Interdyscyplinarnego Seminarium Gender przy CEIN U\u0141, wyk\u0142adowczyni mi\u0119dzynarodowego programu gender studies GEMMA; zajmuje si\u0119 problematyk\u0105 wyklucze\u0144 i nier\u00f3wno\u015bci, zw\u0142aszcza odnosz\u0105cych si\u0119 do p\u0142ci, orientacji i to\u017csamo\u015bci p\u0142ciowej, politykami r\u00f3wno\u015bciowymi, a tak\u017ce mi\u0119dzynarodowym ruchem anty-gender; autorka po\u015bwi\u0119conej genderowemu wymiarowi transformacji ksi\u0105\u017cki&nbsp;<em>P\u0142e\u0107 zmiany. Zjawisko transformacji w Polsce z perspektywy gender<\/em>, Wydawnictwo U\u0141, \u0141\u00f3d\u017a 2013\/2017.<\/p>\n\n\n\n<p><strong>Grzegorz Demel:<\/strong>&nbsp;dr, antropolog kulturowy, socjolog i ukrainoznawca. Pracuje w Instytucie Studi\u00f3w Politycznych PAN, gdzie bada zjawiska zachodz\u0105ce w ukrai\u0144skich spo\u0142eczno\u015bciach w Polsce. Zainteresowania naukowe koncentruje wok\u00f3\u0142 etniczno\u015bci, migracji i diaspor; analizuje dyskursy to\u017csamo\u015bciowe. Zwolennik nauki zaanga\u017cowanej w zmian\u0119 spo\u0142eczn\u0105; przez wiele lat zwi\u0105zany z organizacjami pozarz\u0105dowymi, w kt\u00f3rych prowadzi\u0142 m.in. polsko-ukrai\u0144skie projekty aktywizacji obywatelskiej i partycypacyjne diagnozy lokalne oraz warsztaty z zakresu wra\u017cliwo\u015bci mi\u0119dzykulturowej, m. in. dla funkcjonariuszy policji. Zaanga\u017cowany w dzia\u0142ania humanitarne na granicy polsko-bia\u0142oruskiej, polsko-ukrai\u0144skiej i w Ukrainie.<\/p>\n\n\n\n<p><strong>Adriana Porowska<\/strong>: wiceprezydentka Warszawy odpowiedzialna za polityk\u0119 spo\u0142eczn\u0105 i wsp\u00f3\u0142prac\u0119 z organizacjami pozarz\u0105dowymi. Od lat dzia\u0142a na rzecz os\u00f3b wykluczonych, szczeg\u00f3lnie tych do\u015bwiadczaj\u0105cych bezdomno\u015bci. 15 lat prezesowa\u0142a Kamilia\u0144skiej Misji Pomocy Spo\u0142ecznej. Polityczka Polska 2050.<\/p>\n\n\n\n<p>Spotkanie poprowadz\u0105:<\/p>\n\n\n\n<p><strong>dr Magdalena Nowicka-Franczak<\/strong>&nbsp;(Uniwersytet \u0141\u00f3dzki)<\/p>\n\n\n\n<p><strong>dr Anna Radiukiewicz<\/strong>\u00a0(Instytut Filozofii i Socjologii PAN)<\/p>\n\n\n\n<figure class=\"wp-block-gallery columns-1 is-cropped\"><ul class=\"blocks-gallery-grid\"><li class=\"blocks-gallery-item\"><figure><img loading=\"lazy\" width=\"724\" height=\"1024\" src=\"https:\/\/pts.org.pl\/wp-content\/uploads\/2024\/06\/DEBATA-O-DEBACIE_28.06.24_FAKTYCZNY-DOM-KULTURY-724x1024.png\" alt=\"\" data-id=\"7241\" data-full-url=\"https:\/\/pts.org.pl\/wp-content\/uploads\/2024\/06\/DEBATA-O-DEBACIE_28.06.24_FAKTYCZNY-DOM-KULTURY.png\" data-link=\"https:\/\/pts.org.pl\/?attachment_id=7241\" class=\"wp-image-7241\" srcset=\"https:\/\/pts.org.pl\/wp-content\/uploads\/2024\/06\/DEBATA-O-DEBACIE_28.06.24_FAKTYCZNY-DOM-KULTURY-724x1024.png 724w, https:\/\/pts.org.pl\/wp-content\/uploads\/2024\/06\/DEBATA-O-DEBACIE_28.06.24_FAKTYCZNY-DOM-KULTURY-212x300.png 212w, https:\/\/pts.org.pl\/wp-content\/uploads\/2024\/06\/DEBATA-O-DEBACIE_28.06.24_FAKTYCZNY-DOM-KULTURY-768x1086.png 768w, https:\/\/pts.org.pl\/wp-content\/uploads\/2024\/06\/DEBATA-O-DEBACIE_28.06.24_FAKTYCZNY-DOM-KULTURY-1086x1536.png 1086w, https:\/\/pts.org.pl\/wp-content\/uploads\/2024\/06\/DEBATA-O-DEBACIE_28.06.24_FAKTYCZNY-DOM-KULTURY-1448x2048.png 1448w, https:\/\/pts.org.pl\/wp-content\/uploads\/2024\/06\/DEBATA-O-DEBACIE_28.06.24_FAKTYCZNY-DOM-KULTURY.png 1587w\" sizes=\"(max-width: 724px) 100vw, 724px\" \/><\/figure><\/li><\/ul><\/figure>\n","protected":false},"excerpt":{"rendered":"<p>Sekcja Bada\u0144 Komunikacji Spo\u0142ecznej PTS serdecznie zaprasza na&nbsp;III Debat\u0119 o debacie publicznej, kt\u00f3ra odb\u0119dzie si\u0119 w&nbsp;Warszawie, w&nbsp;Faktycznym Domu Kultury (ul. Ga\u0142czy\u0144skiego 12), 28 czerwca (pi\u0105tek) o godz. 17:30. NIECHCIANE TEMATY: DEBATA PUBLICZNA W CZASIE WYBOR\u00d3W Czas wybor\u00f3w to dla debaty publicznej trudny okres. Z jednej strony, wydawa\u0142oby si\u0119, \u017ce w takich okoliczno\u015bciach nie ma spraw, [&hellip;]<\/p>\n","protected":false},"author":11,"featured_media":0,"comment_status":"open","ping_status":"open","sticky":false,"template":"","format":"standard","meta":[],"categories":[],"tags":[],"_links":{"self":[{"href":"https:\/\/pts.org.pl\/en\/wp-json\/wp\/v2\/posts\/7240"}],"collection":[{"href":"https:\/\/pts.org.pl\/en\/wp-json\/wp\/v2\/posts"}],"about":[{"href":"https:\/\/pts.org.pl\/en\/wp-json\/wp\/v2\/types\/post"}],"author":[{"embeddable":true,"href":"https:\/\/pts.org.pl\/en\/wp-json\/wp\/v2\/users\/11"}],"replies":[{"embeddable":true,"href":"https:\/\/pts.org.pl\/en\/wp-json\/wp\/v2\/comments?post=7240"}],"version-history":[{"count":1,"href":"https:\/\/pts.org.pl\/en\/wp-json\/wp\/v2\/posts\/7240\/revisions"}],"predecessor-version":[{"id":7242,"href":"https:\/\/pts.org.pl\/en\/wp-json\/wp\/v2\/posts\/7240\/revisions\/7242"}],"wp:attachment":[{"href":"https:\/\/pts.org.pl\/en\/wp-json\/wp\/v2\/media?parent=7240"}],"wp:term":[{"taxonomy":"category","embeddable":true,"href":"https:\/\/pts.org.pl\/en\/wp-json\/wp\/v2\/categories?post=7240"},{"taxonomy":"post_tag","embeddable":true,"href":"https:\/\/pts.org.pl\/en\/wp-json\/wp\/v2\/tags?post=7240"}],"curies":[{"name":"wp","href":"https:\/\/api.w.org\/{rel}","templated":true}]}}