{"id":7199,"date":"2024-06-08T08:37:00","date_gmt":"2024-06-08T08:37:00","guid":{"rendered":"https:\/\/pts.org.pl\/?p=7199"},"modified":"2024-06-09T08:39:15","modified_gmt":"2024-06-09T08:39:15","slug":"9-seminarium-naukowe-sekcji-socjologii-zdrowia-i-medycyny-polskiego-towarzystwa-socjologicznego","status":"publish","type":"post","link":"https:\/\/pts.org.pl\/en\/9-seminarium-naukowe-sekcji-socjologii-zdrowia-i-medycyny-polskiego-towarzystwa-socjologicznego\/","title":{"rendered":"9. Seminarium Naukowe Sekcji Socjologii Zdrowia i Medycyny Polskiego Towarzystwa Socjologicznego"},"content":{"rendered":"<div class=\"fcbkbttn_buttons_block\" id=\"fcbkbttn_left\"><div class=\"fcbkbttn_button\">\n                            <a href=\"https:\/\/www.facebook.com\/\" target=\"_blank\">\n                                <img src=\"https:\/\/pts.org.pl\/wp-content\/plugins\/facebook-button-plugin\/images\/standard-facebook-ico.png\" alt=\"Fb-Button\" \/>\n                            <\/a>\n                        <\/div><div class=\"fcbkbttn_like \"><fb:like href=\"https:\/\/pts.org.pl\/en\/9-seminarium-naukowe-sekcji-socjologii-zdrowia-i-medycyny-polskiego-towarzystwa-socjologicznego\/\" action=\"like\" colorscheme=\"light\" layout=\"button_count\"  size=\"small\"><\/fb:like><\/div><\/div>\n<p>Serdecznie zapraszamy&nbsp;<strong>na 9. Seminarium Naukowe Sekcji Socjologii Zdrowia i Medycyny Polskiego Towarzystwa Socjologicznego.&nbsp;<\/strong>Wyk\u0142ad pt<strong>. \u201eProgram profilaktyki depresji i samob\u00f3jstw skierowany do os\u00f3b powy\u017cej 60 roku \u017cycia zajmuj\u0105cych si\u0119 osobami z zaburzeniami ot\u0119piennymi\u201d<\/strong>&nbsp; wyg\u0142osz\u0105<strong>&nbsp;dr hab. Katarzyna D\u0105browska<\/strong>, oraz&nbsp;<strong>dr hab. \u0141ukasz Wieczorek<\/strong>&nbsp;z Zak\u0142adu Socjologii Zdrowia i Bada\u0144 nad Uzale\u017cnieniami, Instytutu Psychiatrii i Neurologii w Warszawie.<\/p>\n\n\n\n<p>W wyst\u0105pieniu zaprezentowane zostan\u0105 podstawy teoretyczne, kt\u00f3re pos\u0142u\u017cy\u0142y za punkt wyj\u015bcia do powstania programu, program profilaktyczny oraz wst\u0119pne wnioski z pilota\u017cu.<\/p>\n\n\n\n<p>Spotkanie odb\u0119dzie si\u0119 w formule online w dniu&nbsp;<strong>14.06.2024 r. w godz. 17.00-18.30<\/strong>.<\/p>\n\n\n\n<p>Link do spotkania na platformie Google Meet:&nbsp;<a href=\"https:\/\/meet.google.com\/uzc-fhyb-hjb\" target=\"_blank\" rel=\"noreferrer noopener\">https:\/\/meet.google.com\/uzc-fhyb-hjb<\/a>&nbsp;<\/p>\n\n\n\n<p>Serdecznie zapraszamy!<\/p>\n\n\n\n<p>Zarz\u0105d SSZiM PTS<\/p>\n\n\n\n<div class=\"wp-block-file\"><object class=\"wp-block-file__embed\" data=\"https:\/\/pts.org.pl\/wp-content\/uploads\/2024\/06\/9.-SEMINARUM-SSZIM-PROGRAM.pdf\" type=\"application\/pdf\" style=\"width:100%;height:600px\" aria-label=\"Osadzone z 9.-SEMINARUM-SSZIM-PROGRAM.\"><\/object><a href=\"https:\/\/pts.org.pl\/wp-content\/uploads\/2024\/06\/9.-SEMINARUM-SSZIM-PROGRAM.pdf\">9.-SEMINARUM-SSZIM-PROGRAM<\/a><a href=\"https:\/\/pts.org.pl\/wp-content\/uploads\/2024\/06\/9.-SEMINARUM-SSZIM-PROGRAM.pdf\" class=\"wp-block-file__button\" download>Pobierz<\/a><\/div>\n","protected":false},"excerpt":{"rendered":"<p>Serdecznie zapraszamy&nbsp;na 9. Seminarium Naukowe Sekcji Socjologii Zdrowia i Medycyny Polskiego Towarzystwa Socjologicznego.&nbsp;Wyk\u0142ad pt. \u201eProgram profilaktyki depresji i samob\u00f3jstw skierowany do os\u00f3b powy\u017cej 60 roku \u017cycia zajmuj\u0105cych si\u0119 osobami z zaburzeniami ot\u0119piennymi\u201d&nbsp; wyg\u0142osz\u0105&nbsp;dr hab. Katarzyna D\u0105browska, oraz&nbsp;dr hab. \u0141ukasz Wieczorek&nbsp;z Zak\u0142adu Socjologii Zdrowia i Bada\u0144 nad Uzale\u017cnieniami, Instytutu Psychiatrii i Neurologii w Warszawie. W wyst\u0105pieniu [&hellip;]<\/p>\n","protected":false},"author":11,"featured_media":0,"comment_status":"open","ping_status":"open","sticky":false,"template":"","format":"standard","meta":[],"categories":[],"tags":[],"_links":{"self":[{"href":"https:\/\/pts.org.pl\/en\/wp-json\/wp\/v2\/posts\/7199"}],"collection":[{"href":"https:\/\/pts.org.pl\/en\/wp-json\/wp\/v2\/posts"}],"about":[{"href":"https:\/\/pts.org.pl\/en\/wp-json\/wp\/v2\/types\/post"}],"author":[{"embeddable":true,"href":"https:\/\/pts.org.pl\/en\/wp-json\/wp\/v2\/users\/11"}],"replies":[{"embeddable":true,"href":"https:\/\/pts.org.pl\/en\/wp-json\/wp\/v2\/comments?post=7199"}],"version-history":[{"count":1,"href":"https:\/\/pts.org.pl\/en\/wp-json\/wp\/v2\/posts\/7199\/revisions"}],"predecessor-version":[{"id":7201,"href":"https:\/\/pts.org.pl\/en\/wp-json\/wp\/v2\/posts\/7199\/revisions\/7201"}],"wp:attachment":[{"href":"https:\/\/pts.org.pl\/en\/wp-json\/wp\/v2\/media?parent=7199"}],"wp:term":[{"taxonomy":"category","embeddable":true,"href":"https:\/\/pts.org.pl\/en\/wp-json\/wp\/v2\/categories?post=7199"},{"taxonomy":"post_tag","embeddable":true,"href":"https:\/\/pts.org.pl\/en\/wp-json\/wp\/v2\/tags?post=7199"}],"curies":[{"name":"wp","href":"https:\/\/api.w.org\/{rel}","templated":true}]}}