{"id":7196,"date":"2024-06-07T08:19:00","date_gmt":"2024-06-07T08:19:00","guid":{"rendered":"https:\/\/pts.org.pl\/?p=7196"},"modified":"2024-06-09T08:22:49","modified_gmt":"2024-06-09T08:22:49","slug":"czwartek-z-socjologia-historyczna-13-06-2024","status":"publish","type":"post","link":"https:\/\/pts.org.pl\/en\/czwartek-z-socjologia-historyczna-13-06-2024\/","title":{"rendered":"Czwartek z Socjologi\u0105 Historyczn\u0105 &#8211; 13.06.2024"},"content":{"rendered":"<div class=\"fcbkbttn_buttons_block\" id=\"fcbkbttn_left\"><div class=\"fcbkbttn_button\">\n                            <a href=\"https:\/\/www.facebook.com\/\" target=\"_blank\">\n                                <img src=\"https:\/\/pts.org.pl\/wp-content\/plugins\/facebook-button-plugin\/images\/standard-facebook-ico.png\" alt=\"Fb-Button\" \/>\n                            <\/a>\n                        <\/div><div class=\"fcbkbttn_like \"><fb:like href=\"https:\/\/pts.org.pl\/en\/czwartek-z-socjologia-historyczna-13-06-2024\/\" action=\"like\" colorscheme=\"light\" layout=\"button_count\"  size=\"small\"><\/fb:like><\/div><\/div>\n<p>Szanowne Kole\u017canki i Koledzy,<\/p>\n\n\n\n<p>w imieniu Sekcji Socjologii Historycznej zapraszam na nasze kolejne, czwartkowe seminarium, na kt\u00f3rym wyst\u0105pi Anna Muller. Wydarzenie odb\u0119dzie si\u0119 w j\u0119zyku polskim &#8211; szczeg\u00f3\u0142y w za\u0142\u0105czniku poni\u017cej.<\/p>\n\n\n\n<p>Serdecznie zapraszam,<br>Jaros\u0142aw Kilias<\/p>\n\n\n\n<div class=\"wp-block-file\"><object class=\"wp-block-file__embed\" data=\"https:\/\/pts.org.pl\/wp-content\/uploads\/2024\/06\/Czwartek-13.06.24-full.pdf\" type=\"application\/pdf\" style=\"width:100%;height:600px\" aria-label=\"Osadzone z Czwartek-13.06.24-full.\"><\/object><a href=\"https:\/\/pts.org.pl\/wp-content\/uploads\/2024\/06\/Czwartek-13.06.24-full.pdf\">Czwartek-13.06.24-full<\/a><a href=\"https:\/\/pts.org.pl\/wp-content\/uploads\/2024\/06\/Czwartek-13.06.24-full.pdf\" class=\"wp-block-file__button\" download>Pobierz<\/a><\/div>\n","protected":false},"excerpt":{"rendered":"<p>Szanowne Kole\u017canki i Koledzy, w imieniu Sekcji Socjologii Historycznej zapraszam na nasze kolejne, czwartkowe seminarium, na kt\u00f3rym wyst\u0105pi Anna Muller. Wydarzenie odb\u0119dzie si\u0119 w j\u0119zyku polskim &#8211; szczeg\u00f3\u0142y w za\u0142\u0105czniku poni\u017cej. Serdecznie zapraszam,Jaros\u0142aw Kilias<\/p>\n","protected":false},"author":11,"featured_media":0,"comment_status":"open","ping_status":"open","sticky":false,"template":"","format":"standard","meta":[],"categories":[],"tags":[],"_links":{"self":[{"href":"https:\/\/pts.org.pl\/en\/wp-json\/wp\/v2\/posts\/7196"}],"collection":[{"href":"https:\/\/pts.org.pl\/en\/wp-json\/wp\/v2\/posts"}],"about":[{"href":"https:\/\/pts.org.pl\/en\/wp-json\/wp\/v2\/types\/post"}],"author":[{"embeddable":true,"href":"https:\/\/pts.org.pl\/en\/wp-json\/wp\/v2\/users\/11"}],"replies":[{"embeddable":true,"href":"https:\/\/pts.org.pl\/en\/wp-json\/wp\/v2\/comments?post=7196"}],"version-history":[{"count":1,"href":"https:\/\/pts.org.pl\/en\/wp-json\/wp\/v2\/posts\/7196\/revisions"}],"predecessor-version":[{"id":7198,"href":"https:\/\/pts.org.pl\/en\/wp-json\/wp\/v2\/posts\/7196\/revisions\/7198"}],"wp:attachment":[{"href":"https:\/\/pts.org.pl\/en\/wp-json\/wp\/v2\/media?parent=7196"}],"wp:term":[{"taxonomy":"category","embeddable":true,"href":"https:\/\/pts.org.pl\/en\/wp-json\/wp\/v2\/categories?post=7196"},{"taxonomy":"post_tag","embeddable":true,"href":"https:\/\/pts.org.pl\/en\/wp-json\/wp\/v2\/tags?post=7196"}],"curies":[{"name":"wp","href":"https:\/\/api.w.org\/{rel}","templated":true}]}}