{"id":7183,"date":"2024-06-03T22:22:32","date_gmt":"2024-06-03T22:22:32","guid":{"rendered":"https:\/\/pts.org.pl\/?p=7183"},"modified":"2024-06-03T22:27:27","modified_gmt":"2024-06-03T22:27:27","slug":"seminarium-sekcji-socjologii-sztuki-pts-2","status":"publish","type":"post","link":"https:\/\/pts.org.pl\/en\/seminarium-sekcji-socjologii-sztuki-pts-2\/","title":{"rendered":"Seminarium Sekcji Socjologii Sztuki PTS"},"content":{"rendered":"<div class=\"fcbkbttn_buttons_block\" id=\"fcbkbttn_left\"><div class=\"fcbkbttn_button\">\n                            <a href=\"https:\/\/www.facebook.com\/\" target=\"_blank\">\n                                <img src=\"https:\/\/pts.org.pl\/wp-content\/plugins\/facebook-button-plugin\/images\/standard-facebook-ico.png\" alt=\"Fb-Button\" \/>\n                            <\/a>\n                        <\/div><div class=\"fcbkbttn_like \"><fb:like href=\"https:\/\/pts.org.pl\/en\/seminarium-sekcji-socjologii-sztuki-pts-2\/\" action=\"like\" colorscheme=\"light\" layout=\"button_count\"  size=\"small\"><\/fb:like><\/div><\/div>\n<p>Sekcja Socjologii Sztuki Polskiego Towarzystwa Socjologicznego oraz Katedra Socjologii Wiedzy i Moralno\u015bci UW serdecznie zapraszaj\u0105 na seminarium naukowe&nbsp;<strong>z referatem dr hab. Paw\u0142a Mo\u017cd\u017cy\u0144skiego o dyskursie ultrakonserwatywnym w polskim polu sztuki.<\/strong>&nbsp;Spotkanie odb\u0119dzie si\u0119 12 czerwca (\u015broda) o godzinie 18.00 w trybie online.&nbsp;<\/p>\n\n\n\n<p>&nbsp;<br>LInk do Seminarium Katedry Socjologii Wiedzy i Sekcji Socjologii Sztuki PTS:<br><br><a href=\"https:\/\/uw-edu-pl.zoom.us\/j\/91978058977?pwd=V1hNbkdRZUk2ZGxtd0l5cGZzeStZdz09\" target=\"_blank\" rel=\"noreferrer noopener\">https:\/\/uw-edu-pl.zoom.us\/j\/91978058977?pwd=V1hNbkdRZUk2ZGxtd0l5cGZzeStZdz09<\/a><br><br>Identyfikator spotkania: 919 7805 8977<br>Kod dost\u0119pu: 295269<\/p>\n\n\n\n<p>Serdecznie zapraszamy !<\/p>\n\n\n\n<figure class=\"wp-block-gallery columns-1 is-cropped\"><ul class=\"blocks-gallery-grid\"><li class=\"blocks-gallery-item\"><figure><img loading=\"lazy\" width=\"1020\" height=\"1024\" src=\"https:\/\/pts.org.pl\/wp-content\/uploads\/2024\/06\/63aebc37bb9d8-1-1020x1024.jpg\" alt=\"\" data-id=\"7187\" data-full-url=\"https:\/\/pts.org.pl\/wp-content\/uploads\/2024\/06\/63aebc37bb9d8-1-scaled.jpg\" data-link=\"https:\/\/pts.org.pl\/seminarium-sekcji-socjologii-sztuki-pts-2\/ignacy-czwartos-ryby-2\/\" class=\"wp-image-7187\" srcset=\"https:\/\/pts.org.pl\/wp-content\/uploads\/2024\/06\/63aebc37bb9d8-1-1020x1024.jpg 1020w, https:\/\/pts.org.pl\/wp-content\/uploads\/2024\/06\/63aebc37bb9d8-1-300x300.jpg 300w, https:\/\/pts.org.pl\/wp-content\/uploads\/2024\/06\/63aebc37bb9d8-1-150x150.jpg 150w, https:\/\/pts.org.pl\/wp-content\/uploads\/2024\/06\/63aebc37bb9d8-1-768x771.jpg 768w, https:\/\/pts.org.pl\/wp-content\/uploads\/2024\/06\/63aebc37bb9d8-1-1530x1536.jpg 1530w, https:\/\/pts.org.pl\/wp-content\/uploads\/2024\/06\/63aebc37bb9d8-1-2040x2048.jpg 2040w\" sizes=\"(max-width: 1020px) 100vw, 1020px\" \/><figcaption class=\"blocks-gallery-item__caption\">Ignacy Czwartos \u201eRyby\u201d<\/figcaption><\/figure><\/li><\/ul><\/figure>\n","protected":false},"excerpt":{"rendered":"<p>Sekcja Socjologii Sztuki Polskiego Towarzystwa Socjologicznego oraz Katedra Socjologii Wiedzy i Moralno\u015bci UW serdecznie zapraszaj\u0105 na seminarium naukowe&nbsp;z referatem dr hab. Paw\u0142a Mo\u017cd\u017cy\u0144skiego o dyskursie ultrakonserwatywnym w polskim polu sztuki.&nbsp;Spotkanie odb\u0119dzie si\u0119 12 czerwca (\u015broda) o godzinie 18.00 w trybie online.&nbsp; &nbsp;LInk do Seminarium Katedry Socjologii Wiedzy i Sekcji Socjologii Sztuki PTS: https:\/\/uw-edu-pl.zoom.us\/j\/91978058977?pwd=V1hNbkdRZUk2ZGxtd0l5cGZzeStZdz09 Identyfikator spotkania: [&hellip;]<\/p>\n","protected":false},"author":11,"featured_media":0,"comment_status":"open","ping_status":"open","sticky":false,"template":"","format":"standard","meta":[],"categories":[],"tags":[],"_links":{"self":[{"href":"https:\/\/pts.org.pl\/en\/wp-json\/wp\/v2\/posts\/7183"}],"collection":[{"href":"https:\/\/pts.org.pl\/en\/wp-json\/wp\/v2\/posts"}],"about":[{"href":"https:\/\/pts.org.pl\/en\/wp-json\/wp\/v2\/types\/post"}],"author":[{"embeddable":true,"href":"https:\/\/pts.org.pl\/en\/wp-json\/wp\/v2\/users\/11"}],"replies":[{"embeddable":true,"href":"https:\/\/pts.org.pl\/en\/wp-json\/wp\/v2\/comments?post=7183"}],"version-history":[{"count":3,"href":"https:\/\/pts.org.pl\/en\/wp-json\/wp\/v2\/posts\/7183\/revisions"}],"predecessor-version":[{"id":7189,"href":"https:\/\/pts.org.pl\/en\/wp-json\/wp\/v2\/posts\/7183\/revisions\/7189"}],"wp:attachment":[{"href":"https:\/\/pts.org.pl\/en\/wp-json\/wp\/v2\/media?parent=7183"}],"wp:term":[{"taxonomy":"category","embeddable":true,"href":"https:\/\/pts.org.pl\/en\/wp-json\/wp\/v2\/categories?post=7183"},{"taxonomy":"post_tag","embeddable":true,"href":"https:\/\/pts.org.pl\/en\/wp-json\/wp\/v2\/tags?post=7183"}],"curies":[{"name":"wp","href":"https:\/\/api.w.org\/{rel}","templated":true}]}}