{"id":7181,"date":"2024-05-21T10:16:09","date_gmt":"2024-05-21T10:16:09","guid":{"rendered":"https:\/\/pts.org.pl\/?p=7181"},"modified":"2024-05-21T10:16:11","modified_gmt":"2024-05-21T10:16:11","slug":"seminarium-sekcji-socjologii-mlodziezy-i-edukacji-pts-24-05-godz-15-00","status":"publish","type":"post","link":"https:\/\/pts.org.pl\/en\/seminarium-sekcji-socjologii-mlodziezy-i-edukacji-pts-24-05-godz-15-00\/","title":{"rendered":"Seminarium Sekcji Socjologii M\u0142odzie\u017cy i Edukacji PTS 24.05, godz. 15.00"},"content":{"rendered":"<div class=\"fcbkbttn_buttons_block\" id=\"fcbkbttn_left\"><div class=\"fcbkbttn_button\">\n                            <a href=\"https:\/\/www.facebook.com\/\" target=\"_blank\">\n                                <img src=\"https:\/\/pts.org.pl\/wp-content\/plugins\/facebook-button-plugin\/images\/standard-facebook-ico.png\" alt=\"Fb-Button\" \/>\n                            <\/a>\n                        <\/div><div class=\"fcbkbttn_like \"><fb:like href=\"https:\/\/pts.org.pl\/en\/seminarium-sekcji-socjologii-mlodziezy-i-edukacji-pts-24-05-godz-15-00\/\" action=\"like\" colorscheme=\"light\" layout=\"button_count\"  size=\"small\"><\/fb:like><\/div><\/div>\n<p>Sekcja Socjologii M\u0142odzie\u017cy i Edukacji zaprasza na seminarium on-line w dniu 24.05, godz. 15. Dr Monika Kwieci\u0144ska-Zdrenka (Instytut Socjologii Uniwersytet Miko\u0142aja Kopernika w Toruniu) zaprezentuje wyst\u0105pienie pt. &#8220;Wy\u0142anianie si\u0119 nowych sfer publicznych. O zaanga\u017cowaniu obywatelskim m\u0142odzie\u017cy i m\u0142odych doros\u0142ych&#8221;. Moderatorem spotkania b\u0119dzie dr Ewa Krzaklewska (Instytut Socjologii Uniwersytet Jagiello\u0144ski).<\/p>\n\n\n\n<p>Abstrakt<br>M\u0142odzi zaskoczyli nas politycznym w\u0142\u0105czeniem 15 pa\u017adziernika i rozczarowali wy\u0142\u0105czeniem 7 kwietnia. Czy jednak rzeczywi\u015bcie zmienno\u015b\u0107 ta powinna nas zaskakiwa\u0107? Stawiamy tez\u0119, \u017ce trwale zmieni\u0142 si\u0119 typ aktywno\u015bci obywatelskiej m\u0142odych \u2013 zar\u00f3wno je\u015bli chodzi o repertuar zachowa\u0144 m\u0142odych, jak i motywacje dzia\u0142a\u0144 oraz wachlarz spraw, kt\u00f3re te dzia\u0142ania mog\u0105 uruchamia\u0107. Wydaje si\u0119, \u017ce b\u0119dziemy obserwowali tak\u017ce w kolejnych latach falowanie aktywno\u015bci politycznej oraz zmiany styl\u00f3w w\u0142\u0105czania si\u0119 obywatelskiego. Sprzyja\u0107 b\u0119d\u0105 nie tyle czynniki strukturalne (cechy po\u0142o\u017cenia spo\u0142ecznego m\u0142odych i ich \u015brodowisk pochodzenia), ale mentalne. To m.in. poziom zaufania, alienacji (m\u0142odych od polityki i polityki od m\u0142odych), ale tak\u017ce poziom satysfakcji z w\u0142asnego \u017cycia mog\u0105 wp\u0142ywa\u0107 na uaktywnianie potrzeby w\u0142\u0105czania si\u0119 w sprawy wsp\u00f3lne lub wyciszaniu tej potrzeby. Z drugiej strony, mo\u017cna spodziewa\u0107 si\u0119, \u017ce ten poziom pobudzenia obywatelskiego w przypadku rosn\u0105cej liczby m\u0142odych b\u0119dzie uruchamiany tylko w szczeg\u00f3lnych okoliczno\u015bciach (przyjrzymy si\u0119 temu, w jakich w trakcie<br>seminarium) i b\u0119d\u0105 oni raczej obywatelami typu \u201estand-by\u201d, gapi\u00f3w, kt\u00f3rzy nie przechodz\u0105 przez sfer\u0119 publiczn\u0105 oboj\u0119tni, ale wych\u0142odzeni, gotowi jednak podj\u0105\u0107 dzia\u0142anie, gdy nie b\u0119dzie innej mo\u017cliwo\u015bci.<br>Tez\u0119 t\u0119 b\u0119dziemy prezentowa\u0107 w odniesieniu do wynik\u00f3w dw\u00f3ch bada\u0144:&nbsp;<br>toru\u0144skiego longitudinalnego badania pokole\u0144 (2017), kt\u00f3rych wyniki autorka opublikowa\u0142a w ksi\u0105\u017cce Pokolenie (nie)obecne. Uwarunkowania i procesy obywatelskiej aktywno\u015bci i bierno\u015bci m\u0142odych doros\u0142ych (PWN, Warszawa 2022) oraz badania toru\u0144skiej m\u0142odzie\u017cy szkolnej z 2024.<\/p>\n\n\n\n<p>Link do spotkania:<\/p>\n\n\n\n<p><a href=\"https:\/\/teams.microsoft.com\/l\/meetup-join\/19%3ameeting_Mjc3MTYwMzUtNmU1OS00M2ZkLTllM2UtZTQ3MGIxMGQwMjM5%40thread.v2\/0?context=%7b%22Tid%22%3a%22e80a627f-ef94-4aa9-82d6-c7ec9cfca324%22%2c%22Oid%22%3a%228ba26737-fb3e-4830-a8fb-180235661d61%22%7d\">https:\/\/teams.microsoft.com\/l\/meetup-join\/19%3ameeting_Mjc3MTYwMzUtNmU1OS00M2ZkLTllM2UtZTQ3MGIxMGQwMjM5%40thread.v2\/0?context=%7b%22Tid%22%3a%22e80a627f-ef94-4aa9-82d6-c7ec9cfca324%22%2c%22Oid%22%3a%228ba26737-fb3e-4830-a8fb-180235661d61%22%7d<\/a><\/p>\n","protected":false},"excerpt":{"rendered":"<p>Sekcja Socjologii M\u0142odzie\u017cy i Edukacji zaprasza na seminarium on-line w dniu 24.05, godz. 15. Dr Monika Kwieci\u0144ska-Zdrenka (Instytut Socjologii Uniwersytet Miko\u0142aja Kopernika w Toruniu) zaprezentuje wyst\u0105pienie pt. &#8220;Wy\u0142anianie si\u0119 nowych sfer publicznych. O zaanga\u017cowaniu obywatelskim m\u0142odzie\u017cy i m\u0142odych doros\u0142ych&#8221;. Moderatorem spotkania b\u0119dzie dr Ewa Krzaklewska (Instytut Socjologii Uniwersytet Jagiello\u0144ski). AbstraktM\u0142odzi zaskoczyli nas politycznym w\u0142\u0105czeniem 15 [&hellip;]<\/p>\n","protected":false},"author":11,"featured_media":0,"comment_status":"open","ping_status":"open","sticky":false,"template":"","format":"standard","meta":[],"categories":[],"tags":[],"_links":{"self":[{"href":"https:\/\/pts.org.pl\/en\/wp-json\/wp\/v2\/posts\/7181"}],"collection":[{"href":"https:\/\/pts.org.pl\/en\/wp-json\/wp\/v2\/posts"}],"about":[{"href":"https:\/\/pts.org.pl\/en\/wp-json\/wp\/v2\/types\/post"}],"author":[{"embeddable":true,"href":"https:\/\/pts.org.pl\/en\/wp-json\/wp\/v2\/users\/11"}],"replies":[{"embeddable":true,"href":"https:\/\/pts.org.pl\/en\/wp-json\/wp\/v2\/comments?post=7181"}],"version-history":[{"count":1,"href":"https:\/\/pts.org.pl\/en\/wp-json\/wp\/v2\/posts\/7181\/revisions"}],"predecessor-version":[{"id":7182,"href":"https:\/\/pts.org.pl\/en\/wp-json\/wp\/v2\/posts\/7181\/revisions\/7182"}],"wp:attachment":[{"href":"https:\/\/pts.org.pl\/en\/wp-json\/wp\/v2\/media?parent=7181"}],"wp:term":[{"taxonomy":"category","embeddable":true,"href":"https:\/\/pts.org.pl\/en\/wp-json\/wp\/v2\/categories?post=7181"},{"taxonomy":"post_tag","embeddable":true,"href":"https:\/\/pts.org.pl\/en\/wp-json\/wp\/v2\/tags?post=7181"}],"curies":[{"name":"wp","href":"https:\/\/api.w.org\/{rel}","templated":true}]}}