{"id":7135,"date":"2024-04-10T08:06:00","date_gmt":"2024-04-10T08:06:00","guid":{"rendered":"https:\/\/pts.org.pl\/?p=7135"},"modified":"2024-04-19T15:10:09","modified_gmt":"2024-04-19T15:10:09","slug":"seminarium-sekcji-socjologii-sztuki-oraz-sekcji-socjologii-zycia-rodzinnego-i-intymnosci-pts-macierzynstwo-w-perspektywie-interdyscyplinarnej","status":"publish","type":"post","link":"https:\/\/pts.org.pl\/en\/seminarium-sekcji-socjologii-sztuki-oraz-sekcji-socjologii-zycia-rodzinnego-i-intymnosci-pts-macierzynstwo-w-perspektywie-interdyscyplinarnej\/","title":{"rendered":"Seminarium Sekcji Socjologii Sztuki oraz Sekcji Socjologii \u017bycia Rodzinnego i Intymno\u015bci PTS &#8220;Macierzy\u0144stwo w perspektywie interdyscyplinarnej&#8221;"},"content":{"rendered":"<div class=\"fcbkbttn_buttons_block\" id=\"fcbkbttn_left\"><div class=\"fcbkbttn_button\">\n                            <a href=\"https:\/\/www.facebook.com\/\" target=\"_blank\">\n                                <img src=\"https:\/\/pts.org.pl\/wp-content\/plugins\/facebook-button-plugin\/images\/standard-facebook-ico.png\" alt=\"Fb-Button\" \/>\n                            <\/a>\n                        <\/div><div class=\"fcbkbttn_like \"><fb:like href=\"https:\/\/pts.org.pl\/en\/seminarium-sekcji-socjologii-sztuki-oraz-sekcji-socjologii-zycia-rodzinnego-i-intymnosci-pts-macierzynstwo-w-perspektywie-interdyscyplinarnej\/\" action=\"like\" colorscheme=\"light\" layout=\"button_count\"  size=\"small\"><\/fb:like><\/div><\/div>\n<p><strong>Sekcja Socjologii Sztuki PTS<\/strong><\/p>\n\n\n\n<p><strong>Sekcja Socjologii \u017bycia Rodzinnego i Intymno\u015bci PTS<\/strong><strong><\/strong><\/p>\n\n\n\n<p>Zapraszaj\u0105 na seminarium<strong><\/strong><\/p>\n\n\n\n<p><strong>MACIERZY\u0143STWO W PERSPEKTYWIE INTERDYSCYPLINARNEJ<\/strong><\/p>\n\n\n\n<p><strong>Sztuka \u2013 Socjologia \u2013 Pedagogika<\/strong><\/p>\n\n\n\n<p><strong>17 kwietnia 2024<\/strong><\/p>\n\n\n\n<p><strong>Godz. 17:00<\/strong><\/p>\n\n\n\n<p>Rozmawiaj\u0105:<\/p>\n\n\n\n<p>Barbara Porczy\u0144ska (Uniwersytet Rzeszowski)<\/p>\n\n\n\n<p>Magdalena Stankowska (Akademia Pedagogiki Specjalnej im. Marii Grzegorzewskiej)<\/p>\n\n\n\n<p>Marta Miko\u0142ajczyk (Akademia Pedagogiki Specjalnej im. Marii Grzegorzewskiej)<\/p>\n\n\n\n<p>17 kwietnia 2024<\/p>\n\n\n\n<p>Platforma MS Teams<\/p>\n\n\n\n<p>&nbsp;<a href=\"https:\/\/teams.microsoft.com\/l\/meetup-join\/19%3ameeting_MDM4OGMyN2YtYjFkYy00NDJiLWExMDUtODNhYTc3YzgxNzli%40thread.v2\/0?context=%7b%22Tid%22%3a%2280f4c02e-2264-45f3-b124-20b24047d29b%22%2c%22Oid%22%3a%2219f3402e-6305-43dd-871a-27a0b0bad482%22%7d\" target=\"_blank\" rel=\"noreferrer noopener\">Link do spotkania<\/a><\/p>\n\n\n\n<p><a href=\"https:\/\/teams.microsoft.com\/l\/meetup-join\/19%3ameeting_MDM4OGMyN2YtYjFkYy00NDJiLWExMDUtODNhYTc3YzgxNzli%40thread.v2\/0?context=%7b%22Tid%22%3a%2280f4c02e-2264-45f3-b124-20b24047d29b%22%2c%22Oid%22%3a%2219f3402e-6305-43dd-871a-27a0b0bad482%22%7d\">https:\/\/teams.microsoft.com\/l\/meetup-join\/19%3ameeting_MDM4OGMyN2YtYjFkYy00NDJiLWExMDUtODNhYTc3YzgxNzli%40thread.v2\/0?context=%7b%22Tid%22%3a%2280f4c02e-2264-45f3-b124-20b24047d29b%22%2c%22Oid%22%3a%2219f3402e-6305-43dd-871a-27a0b0bad482%22%7d<\/a><\/p>\n\n\n\n<p>Z pozdrowieniami,<\/p>\n\n\n\n<p>Organizatorki i Organizatorzy<\/p>\n\n\n\n<p><\/p>\n\n\n\n<figure class=\"wp-block-image size-large\"><img loading=\"lazy\" width=\"819\" height=\"1024\" src=\"https:\/\/pts.org.pl\/wp-content\/uploads\/2024\/04\/plakat-seminarium-macierzynstwo-819x1024.jpg\" alt=\"\" class=\"wp-image-7136\" srcset=\"https:\/\/pts.org.pl\/wp-content\/uploads\/2024\/04\/plakat-seminarium-macierzynstwo-819x1024.jpg 819w, https:\/\/pts.org.pl\/wp-content\/uploads\/2024\/04\/plakat-seminarium-macierzynstwo-240x300.jpg 240w, https:\/\/pts.org.pl\/wp-content\/uploads\/2024\/04\/plakat-seminarium-macierzynstwo-768x960.jpg 768w, https:\/\/pts.org.pl\/wp-content\/uploads\/2024\/04\/plakat-seminarium-macierzynstwo-1228x1536.jpg 1228w, https:\/\/pts.org.pl\/wp-content\/uploads\/2024\/04\/plakat-seminarium-macierzynstwo-1638x2048.jpg 1638w, https:\/\/pts.org.pl\/wp-content\/uploads\/2024\/04\/plakat-seminarium-macierzynstwo-scaled.jpg 2047w\" sizes=\"(max-width: 819px) 100vw, 819px\" \/><\/figure>\n","protected":false},"excerpt":{"rendered":"<p>Sekcja Socjologii Sztuki PTS Sekcja Socjologii \u017bycia Rodzinnego i Intymno\u015bci PTS Zapraszaj\u0105 na seminarium MACIERZY\u0143STWO W PERSPEKTYWIE INTERDYSCYPLINARNEJ Sztuka \u2013 Socjologia \u2013 Pedagogika 17 kwietnia 2024 Godz. 17:00 Rozmawiaj\u0105: Barbara Porczy\u0144ska (Uniwersytet Rzeszowski) Magdalena Stankowska (Akademia Pedagogiki Specjalnej im. Marii Grzegorzewskiej) Marta Miko\u0142ajczyk (Akademia Pedagogiki Specjalnej im. Marii Grzegorzewskiej) 17 kwietnia 2024 Platforma MS Teams [&hellip;]<\/p>\n","protected":false},"author":11,"featured_media":0,"comment_status":"open","ping_status":"open","sticky":false,"template":"","format":"standard","meta":[],"categories":[],"tags":[],"_links":{"self":[{"href":"https:\/\/pts.org.pl\/en\/wp-json\/wp\/v2\/posts\/7135"}],"collection":[{"href":"https:\/\/pts.org.pl\/en\/wp-json\/wp\/v2\/posts"}],"about":[{"href":"https:\/\/pts.org.pl\/en\/wp-json\/wp\/v2\/types\/post"}],"author":[{"embeddable":true,"href":"https:\/\/pts.org.pl\/en\/wp-json\/wp\/v2\/users\/11"}],"replies":[{"embeddable":true,"href":"https:\/\/pts.org.pl\/en\/wp-json\/wp\/v2\/comments?post=7135"}],"version-history":[{"count":1,"href":"https:\/\/pts.org.pl\/en\/wp-json\/wp\/v2\/posts\/7135\/revisions"}],"predecessor-version":[{"id":7137,"href":"https:\/\/pts.org.pl\/en\/wp-json\/wp\/v2\/posts\/7135\/revisions\/7137"}],"wp:attachment":[{"href":"https:\/\/pts.org.pl\/en\/wp-json\/wp\/v2\/media?parent=7135"}],"wp:term":[{"taxonomy":"category","embeddable":true,"href":"https:\/\/pts.org.pl\/en\/wp-json\/wp\/v2\/categories?post=7135"},{"taxonomy":"post_tag","embeddable":true,"href":"https:\/\/pts.org.pl\/en\/wp-json\/wp\/v2\/tags?post=7135"}],"curies":[{"name":"wp","href":"https:\/\/api.w.org\/{rel}","templated":true}]}}