{"id":7116,"date":"2024-04-12T08:47:29","date_gmt":"2024-04-12T08:47:29","guid":{"rendered":"https:\/\/pts.org.pl\/?p=7116"},"modified":"2024-04-12T08:58:49","modified_gmt":"2024-04-12T08:58:49","slug":"apel-ws-spuscizn","status":"publish","type":"post","link":"https:\/\/pts.org.pl\/en\/apel-ws-spuscizn\/","title":{"rendered":"Apel ws. spu\u015bcizn"},"content":{"rendered":"<div class=\"fcbkbttn_buttons_block\" id=\"fcbkbttn_left\"><div class=\"fcbkbttn_button\">\n                            <a href=\"https:\/\/www.facebook.com\/\" target=\"_blank\">\n                                <img src=\"https:\/\/pts.org.pl\/wp-content\/plugins\/facebook-button-plugin\/images\/standard-facebook-ico.png\" alt=\"Fb-Button\" \/>\n                            <\/a>\n                        <\/div><div class=\"fcbkbttn_like \"><fb:like href=\"https:\/\/pts.org.pl\/en\/apel-ws-spuscizn\/\" action=\"like\" colorscheme=\"light\" layout=\"button_count\"  size=\"small\"><\/fb:like><\/div><\/div>\n<p>Szanowne Kole\u017canki, Szanowni Koledzy!\u00a0<\/p>\n\n\n\n<p>Zarz\u0105d Sekcji Historii Socjologii informuje, \u017ce dzia\u0142aj\u0105ce przy Bibliotece G\u0142\u00f3wnej UMK Archiwum Socjologii Polskiej przyjmuje, kataloguje, przechowuje i udost\u0119pnia spu\u015bcizny archiwalne wytworzone przez polskich socjolog\u00f3w i socjolo\u017cki dzia\u0142aj\u0105cych w kraju i za granic\u0105. Wykaz aktualnej zawarto\u015b\u0107 zbioru mo\u017cna sprawdzi\u0107 na stronie www BU UMK pod adresem:\u00a0<a rel=\"noreferrer noopener\" href=\"https:\/\/www.bu.umk.pl\/nabytki1\" target=\"_blank\">https:\/\/www.bu.umk.pl\/nabytki1<\/a><\/p>\n\n\n\n<p><strong>Zach\u0119camy wszystkich b\u0119d\u0105cych w dyspozycji takich spu\u015bcizn &#8211; notatek, korespondencji, maszynopis\u00f3w &#8211; do kontaktu z pracownikiem Dzia\u0142u Zbior\u00f3w Specjalnych Biblioteki G\u0142\u00f3wnej UMK<\/strong>:\u00a0mgr Grzegorz Szturo, email:\u00a0<a rel=\"noreferrer noopener\" href=\"mailto:gs@umk.pl\" target=\"_blank\">gs@umk.pl<\/a>\u00a0,\u00a0kt\u00f3ry udzieli wszelkich informacji zwi\u0105zanymi z ewentualnym przysposobieniem spu\u015bcizn.\u00a0<\/p>\n\n\n\n<p>Jednocze\u015bnie zach\u0119camy wszystkich zainteresowanych do korzystania ze zbior\u00f3w Archiwum Socjologii Polskiej na miejscu w Bibliotece G\u0142\u00f3wnej UMK w Toruniu.\u00a0<\/p>\n\n\n\n<p>Z powa\u017caniem,\u00a0<\/p>\n\n\n\n<p>Zarz\u0105d Sekcji Historii Socjologii PTS<\/p>\n","protected":false},"excerpt":{"rendered":"<p>Szanowne Kole\u017canki, Szanowni Koledzy!\u00a0 Zarz\u0105d Sekcji Historii Socjologii informuje, \u017ce dzia\u0142aj\u0105ce przy Bibliotece G\u0142\u00f3wnej UMK Archiwum Socjologii Polskiej przyjmuje, kataloguje, przechowuje i udost\u0119pnia spu\u015bcizny archiwalne wytworzone przez polskich socjolog\u00f3w i socjolo\u017cki dzia\u0142aj\u0105cych w kraju i za granic\u0105. Wykaz aktualnej zawarto\u015b\u0107 zbioru mo\u017cna sprawdzi\u0107 na stronie www BU UMK pod adresem:\u00a0https:\/\/www.bu.umk.pl\/nabytki1 Zach\u0119camy wszystkich b\u0119d\u0105cych w dyspozycji [&hellip;]<\/p>\n","protected":false},"author":11,"featured_media":0,"comment_status":"open","ping_status":"open","sticky":false,"template":"","format":"standard","meta":[],"categories":[],"tags":[],"_links":{"self":[{"href":"https:\/\/pts.org.pl\/en\/wp-json\/wp\/v2\/posts\/7116"}],"collection":[{"href":"https:\/\/pts.org.pl\/en\/wp-json\/wp\/v2\/posts"}],"about":[{"href":"https:\/\/pts.org.pl\/en\/wp-json\/wp\/v2\/types\/post"}],"author":[{"embeddable":true,"href":"https:\/\/pts.org.pl\/en\/wp-json\/wp\/v2\/users\/11"}],"replies":[{"embeddable":true,"href":"https:\/\/pts.org.pl\/en\/wp-json\/wp\/v2\/comments?post=7116"}],"version-history":[{"count":1,"href":"https:\/\/pts.org.pl\/en\/wp-json\/wp\/v2\/posts\/7116\/revisions"}],"predecessor-version":[{"id":7117,"href":"https:\/\/pts.org.pl\/en\/wp-json\/wp\/v2\/posts\/7116\/revisions\/7117"}],"wp:attachment":[{"href":"https:\/\/pts.org.pl\/en\/wp-json\/wp\/v2\/media?parent=7116"}],"wp:term":[{"taxonomy":"category","embeddable":true,"href":"https:\/\/pts.org.pl\/en\/wp-json\/wp\/v2\/categories?post=7116"},{"taxonomy":"post_tag","embeddable":true,"href":"https:\/\/pts.org.pl\/en\/wp-json\/wp\/v2\/tags?post=7116"}],"curies":[{"name":"wp","href":"https:\/\/api.w.org\/{rel}","templated":true}]}}