{"id":7089,"date":"2024-04-09T20:26:10","date_gmt":"2024-04-09T20:26:10","guid":{"rendered":"https:\/\/pts.org.pl\/?p=7089"},"modified":"2024-04-09T20:26:12","modified_gmt":"2024-04-09T20:26:12","slug":"dyskusja-badacz_ka-wobec-cierpienia","status":"publish","type":"post","link":"https:\/\/pts.org.pl\/en\/dyskusja-badacz_ka-wobec-cierpienia\/","title":{"rendered":"Dyskusja: Badacz_ka wobec cierpienia"},"content":{"rendered":"<div class=\"fcbkbttn_buttons_block\" id=\"fcbkbttn_left\"><div class=\"fcbkbttn_button\">\n                            <a href=\"https:\/\/www.facebook.com\/\" target=\"_blank\">\n                                <img src=\"https:\/\/pts.org.pl\/wp-content\/plugins\/facebook-button-plugin\/images\/standard-facebook-ico.png\" alt=\"Fb-Button\" \/>\n                            <\/a>\n                        <\/div><div class=\"fcbkbttn_like \"><fb:like href=\"https:\/\/pts.org.pl\/en\/dyskusja-badacz_ka-wobec-cierpienia\/\" action=\"like\" colorscheme=\"light\" layout=\"button_count\"  size=\"small\"><\/fb:like><\/div><\/div>\n<p>Oddzia\u0142 \u0141\u00f3dzki PTS oraz Instytut Socjologii U\u0141 zapraszaj\u0105 na dyskusj\u0119<\/p>\n\n\n\n<p><strong><em>Badacz_ka wobec cierpienia<\/em><\/strong><\/p>\n\n\n\n<p><strong>Dyskusja odb\u0119dzie si\u0119 17 kwietnia br. (\u015broda) w godzinach 18:00-20:00 online na platformie Zoom.<\/strong><\/p>\n\n\n\n<p>Do rozmowy zaprosili\u015bmy&nbsp;<strong>Jakuba Ga\u0142\u0119ziowskiego<\/strong>&nbsp;(Instytut Historii Sztuki, UW) oraz&nbsp;<strong>Agnieszk\u0119 Witkowsk\u0105-Krych<\/strong>&nbsp;(Instytut Kultury Polskiej, UW). Dyskusj\u0119 poprowadzi&nbsp;<strong>Agnieszka Golczy\u0144ska-Grondas<\/strong>&nbsp;(Instytut Socjologii U\u0141, O\u0141 PTS).<\/p>\n\n\n\n<p>Spotkanie po\u015bwi\u0119cone jest wyzwaniom i dylematom, przed jakimi staj\u0105 badaczki i badacze nauk spo\u0142ecznych i humanistycznych podejmuj\u0105cy w swoich pracach kwestie cierpienia. Zaproszeni do dyskusji Agnieszka Witkowska-Krych oraz Jakub Ga\u0142\u0119ziowski s\u0105 autorami monografii, w kt\u00f3rych w\u0105tek cierpienia i kolektywnej traumy wywo\u0142anej wielkim wydarzeniem historycznym jest jedn\u0105 z podstawowych poruszanych przez nich kwestii. Obie ksi\u0105\u017cki powsta\u0142y na podstawie archiwalnych \u017ar\u00f3de\u0142 zastanych \u2013 materia\u0142y te okre\u015bli\u0107 mo\u017cna mianem \u017ar\u00f3de\u0142 przesyconych cierpieniem. Obie monografie traktuj\u0105 o do\u015bwiadczeniach dotychczas w Polsce \u201enieoswojonych\u201d, nieprzepracowanych spo\u0142ecznie, tak\u017ce w obu istotnym bohaterem zbiorowym s\u0105 dzieci.<\/p>\n\n\n\n<p><strong>Dane potrzebne do do\u0142\u0105czenia do spotkania:<\/strong><\/p>\n\n\n\n<p>Identyfikator spotkania: 874 9593 4241<br>Kod dost\u0119pu: 087955<\/p>\n\n\n\n<p>Biogramy zaproszonych go\u015bci oraz plakat spotkania znajduj\u0105 si\u0119 w za\u0142\u0105czeniu.<br>Link do wydarzenia na Facebooku:\u00a0<a rel=\"noreferrer noopener\" href=\"https:\/\/www.facebook.com\/events\/1574213496700073\" target=\"_blank\">https:\/\/www.facebook.com\/events\/1574213496700073<\/a><br><br>Pozdrawiam serdecznie<br>Sylwia M\u0119cfal<br>w imieniu Zarz\u0105du Oddzia\u0142u \u0141\u00f3dzkiego PTS<\/p>\n\n\n\n<div class=\"wp-block-file\"><object class=\"wp-block-file__embed\" data=\"https:\/\/pts.org.pl\/wp-content\/uploads\/2024\/04\/Badacz_ka-wobec-cierpienia2.pdf\" type=\"application\/pdf\" style=\"width:100%;height:600px\" aria-label=\"Osadzone z Badacz_ka-wobec-cierpienia2.\"><\/object><a href=\"https:\/\/pts.org.pl\/wp-content\/uploads\/2024\/04\/Badacz_ka-wobec-cierpienia2.pdf\">Badacz_ka-wobec-cierpienia2<\/a><a href=\"https:\/\/pts.org.pl\/wp-content\/uploads\/2024\/04\/Badacz_ka-wobec-cierpienia2.pdf\" class=\"wp-block-file__button\" download>Pobierz<\/a><\/div>\n\n\n\n<div class=\"wp-block-file\"><a href=\"https:\/\/pts.org.pl\/wp-content\/uploads\/2024\/04\/biogramy-Galeziowski_Witkowska-Krych.docx\">biogramy-Galeziowski_Witkowska-Krych<\/a><a href=\"https:\/\/pts.org.pl\/wp-content\/uploads\/2024\/04\/biogramy-Galeziowski_Witkowska-Krych.docx\" class=\"wp-block-file__button\" download>Pobierz<\/a><\/div>\n","protected":false},"excerpt":{"rendered":"<p>Oddzia\u0142 \u0141\u00f3dzki PTS oraz Instytut Socjologii U\u0141 zapraszaj\u0105 na dyskusj\u0119 Badacz_ka wobec cierpienia Dyskusja odb\u0119dzie si\u0119 17 kwietnia br. (\u015broda) w godzinach 18:00-20:00 online na platformie Zoom. Do rozmowy zaprosili\u015bmy&nbsp;Jakuba Ga\u0142\u0119ziowskiego&nbsp;(Instytut Historii Sztuki, UW) oraz&nbsp;Agnieszk\u0119 Witkowsk\u0105-Krych&nbsp;(Instytut Kultury Polskiej, UW). Dyskusj\u0119 poprowadzi&nbsp;Agnieszka Golczy\u0144ska-Grondas&nbsp;(Instytut Socjologii U\u0141, O\u0141 PTS). Spotkanie po\u015bwi\u0119cone jest wyzwaniom i dylematom, przed jakimi staj\u0105 [&hellip;]<\/p>\n","protected":false},"author":11,"featured_media":0,"comment_status":"open","ping_status":"open","sticky":false,"template":"","format":"standard","meta":[],"categories":[],"tags":[],"_links":{"self":[{"href":"https:\/\/pts.org.pl\/en\/wp-json\/wp\/v2\/posts\/7089"}],"collection":[{"href":"https:\/\/pts.org.pl\/en\/wp-json\/wp\/v2\/posts"}],"about":[{"href":"https:\/\/pts.org.pl\/en\/wp-json\/wp\/v2\/types\/post"}],"author":[{"embeddable":true,"href":"https:\/\/pts.org.pl\/en\/wp-json\/wp\/v2\/users\/11"}],"replies":[{"embeddable":true,"href":"https:\/\/pts.org.pl\/en\/wp-json\/wp\/v2\/comments?post=7089"}],"version-history":[{"count":1,"href":"https:\/\/pts.org.pl\/en\/wp-json\/wp\/v2\/posts\/7089\/revisions"}],"predecessor-version":[{"id":7093,"href":"https:\/\/pts.org.pl\/en\/wp-json\/wp\/v2\/posts\/7089\/revisions\/7093"}],"wp:attachment":[{"href":"https:\/\/pts.org.pl\/en\/wp-json\/wp\/v2\/media?parent=7089"}],"wp:term":[{"taxonomy":"category","embeddable":true,"href":"https:\/\/pts.org.pl\/en\/wp-json\/wp\/v2\/categories?post=7089"},{"taxonomy":"post_tag","embeddable":true,"href":"https:\/\/pts.org.pl\/en\/wp-json\/wp\/v2\/tags?post=7089"}],"curies":[{"name":"wp","href":"https:\/\/api.w.org\/{rel}","templated":true}]}}