{"id":7083,"date":"2024-03-28T09:46:00","date_gmt":"2024-03-28T09:46:00","guid":{"rendered":"https:\/\/pts.org.pl\/?p=7083"},"modified":"2024-04-09T19:52:00","modified_gmt":"2024-04-09T19:52:00","slug":"8-seminarium-sekcji-socjologii-zdrowia-i-medycyny-polskiego-towarzystwa-socjologicznego-pt-doswiadczenie-porodu-w-refleksji-socjologicznej","status":"publish","type":"post","link":"https:\/\/pts.org.pl\/en\/8-seminarium-sekcji-socjologii-zdrowia-i-medycyny-polskiego-towarzystwa-socjologicznego-pt-doswiadczenie-porodu-w-refleksji-socjologicznej\/","title":{"rendered":"8. Seminarium Sekcji Socjologii Zdrowia i Medycyny Polskiego Towarzystwa Socjologicznego pt. &#8220;Do\u015bwiadczenie porodu w refleksji socjologicznej&#8221;"},"content":{"rendered":"<div class=\"fcbkbttn_buttons_block\" id=\"fcbkbttn_left\"><div class=\"fcbkbttn_button\">\n                            <a href=\"https:\/\/www.facebook.com\/\" target=\"_blank\">\n                                <img src=\"https:\/\/pts.org.pl\/wp-content\/plugins\/facebook-button-plugin\/images\/standard-facebook-ico.png\" alt=\"Fb-Button\" \/>\n                            <\/a>\n                        <\/div><div class=\"fcbkbttn_like \"><fb:like href=\"https:\/\/pts.org.pl\/en\/8-seminarium-sekcji-socjologii-zdrowia-i-medycyny-polskiego-towarzystwa-socjologicznego-pt-doswiadczenie-porodu-w-refleksji-socjologicznej\/\" action=\"like\" colorscheme=\"light\" layout=\"button_count\"  size=\"small\"><\/fb:like><\/div><\/div>\n<p>Serdecznie zapraszamy na kolejne 8.&nbsp;<strong>Seminarium Sekcji Socjologii Zdrowia i Medycyny Polskiego Towarzystwa Socjologicznego<\/strong>&nbsp;pt.&nbsp;<strong>&#8220;Do\u015bwiadczenie porodu w refleksji socjologicznej<\/strong>&#8220;.<\/p>\n\n\n\n<p>Wyk\u0142ad pt. \u201e<strong>Wybrane aspekty przemocy po\u0142o\u017cniczej i lekarskiej, w szczeg\u00f3lno\u015bci ginekologicznej, w \u015bwietle wynik\u00f3w badania &#8220;G\u0142os matek&#8221; realizowanego przez Fundacj\u0119 Rodzi\u0107 po Ludzku<\/strong>\u201d wyg\u0142osz\u0105&nbsp;<strong>dr Aleksandra Nowakowska-Kutra<\/strong>&nbsp;z Instytutu Komunikacji Spo\u0142ecznej i Medi\u00f3w Uniwersytetu Kazimierza Wielkiego w Bydgoszczy i&nbsp;<strong>dr hab. Agnieszka Jeran, prof. UAM<\/strong>&nbsp;z Wydzia\u0142u Socjologii Uniwersytetu im. Adama Mickiewicza w Poznaniu.<\/p>\n\n\n\n<p>Z kolei, wyk\u0142ad pt. \u201e<strong>Strategia wsp\u00f3\u0142pracy z b\u00f3lem porodowym w narracji kobiet rodz\u0105cych w domu<\/strong>\u201d wyg\u0142osi&nbsp;<strong>dr Luiza Nowakowska<\/strong>&nbsp;z Zak\u0142adu Nauk Humanistycznych i Medycyny Spo\u0142ecznej, Katedry Psychospo\u0142ecznych Aspekt\u00f3w Medycyny, Uniwersytet Medyczny w Lublinie<\/p>\n\n\n\n<p>Spotkanie w formule online odb\u0119dzie si\u0119&nbsp;<strong>12.04.2024 r. w godz. 17.00-18.30<\/strong>.<\/p>\n\n\n\n<p><strong>Link<\/strong>&nbsp;do spotkania na platformie Google Meet:&nbsp;<a href=\"https:\/\/meet.google.com\/uzc-fhyb-hjb\" target=\"_blank\" rel=\"noreferrer noopener\">https:\/\/meet.google.com\/uzc-fhyb-hjb<\/a><\/p>\n\n\n\n<p>Program znajduje si\u0119 w za\u0142\u0105czeniu.<\/p>\n\n\n\n<p>Serdecznie zapraszamy!<\/p>\n\n\n\n<p>Zarz\u0105d SSZiM PTS<\/p>\n\n\n\n<div class=\"wp-block-file\"><object class=\"wp-block-file__embed\" data=\"https:\/\/pts.org.pl\/wp-content\/uploads\/2024\/04\/8.-SEMINARUM-SSZIM-PROGRAM1-1.pdf\" type=\"application\/pdf\" style=\"width:100%;height:600px\" aria-label=\"Osadzone z 8.-SEMINARUM-SSZIM-PROGRAM1-1.\"><\/object><a href=\"https:\/\/pts.org.pl\/wp-content\/uploads\/2024\/04\/8.-SEMINARUM-SSZIM-PROGRAM1-1.pdf\">8.-SEMINARUM-SSZIM-PROGRAM1-1<\/a><a href=\"https:\/\/pts.org.pl\/wp-content\/uploads\/2024\/04\/8.-SEMINARUM-SSZIM-PROGRAM1-1.pdf\" class=\"wp-block-file__button\" download>Pobierz<\/a><\/div>\n\n\n\n<p><br><\/p>\n","protected":false},"excerpt":{"rendered":"<p>Serdecznie zapraszamy na kolejne 8.&nbsp;Seminarium Sekcji Socjologii Zdrowia i Medycyny Polskiego Towarzystwa Socjologicznego&nbsp;pt.&nbsp;&#8220;Do\u015bwiadczenie porodu w refleksji socjologicznej&#8220;. Wyk\u0142ad pt. \u201eWybrane aspekty przemocy po\u0142o\u017cniczej i lekarskiej, w szczeg\u00f3lno\u015bci ginekologicznej, w \u015bwietle wynik\u00f3w badania &#8220;G\u0142os matek&#8221; realizowanego przez Fundacj\u0119 Rodzi\u0107 po Ludzku\u201d wyg\u0142osz\u0105&nbsp;dr Aleksandra Nowakowska-Kutra&nbsp;z Instytutu Komunikacji Spo\u0142ecznej i Medi\u00f3w Uniwersytetu Kazimierza Wielkiego w Bydgoszczy i&nbsp;dr hab. [&hellip;]<\/p>\n","protected":false},"author":11,"featured_media":0,"comment_status":"open","ping_status":"open","sticky":false,"template":"","format":"standard","meta":[],"categories":[],"tags":[],"_links":{"self":[{"href":"https:\/\/pts.org.pl\/en\/wp-json\/wp\/v2\/posts\/7083"}],"collection":[{"href":"https:\/\/pts.org.pl\/en\/wp-json\/wp\/v2\/posts"}],"about":[{"href":"https:\/\/pts.org.pl\/en\/wp-json\/wp\/v2\/types\/post"}],"author":[{"embeddable":true,"href":"https:\/\/pts.org.pl\/en\/wp-json\/wp\/v2\/users\/11"}],"replies":[{"embeddable":true,"href":"https:\/\/pts.org.pl\/en\/wp-json\/wp\/v2\/comments?post=7083"}],"version-history":[{"count":1,"href":"https:\/\/pts.org.pl\/en\/wp-json\/wp\/v2\/posts\/7083\/revisions"}],"predecessor-version":[{"id":7085,"href":"https:\/\/pts.org.pl\/en\/wp-json\/wp\/v2\/posts\/7083\/revisions\/7085"}],"wp:attachment":[{"href":"https:\/\/pts.org.pl\/en\/wp-json\/wp\/v2\/media?parent=7083"}],"wp:term":[{"taxonomy":"category","embeddable":true,"href":"https:\/\/pts.org.pl\/en\/wp-json\/wp\/v2\/categories?post=7083"},{"taxonomy":"post_tag","embeddable":true,"href":"https:\/\/pts.org.pl\/en\/wp-json\/wp\/v2\/tags?post=7083"}],"curies":[{"name":"wp","href":"https:\/\/api.w.org\/{rel}","templated":true}]}}