{"id":7067,"date":"2024-03-21T16:49:41","date_gmt":"2024-03-21T16:49:41","guid":{"rendered":"https:\/\/pts.org.pl\/?p=7067"},"modified":"2024-03-21T16:49:43","modified_gmt":"2024-03-21T16:49:43","slug":"spotkanie-naukowe-queerowe-pomniki-w-europie","status":"publish","type":"post","link":"https:\/\/pts.org.pl\/en\/spotkanie-naukowe-queerowe-pomniki-w-europie\/","title":{"rendered":"Spotkanie naukowe: Queerowe pomniki w Europie"},"content":{"rendered":"<div class=\"fcbkbttn_buttons_block\" id=\"fcbkbttn_left\"><div class=\"fcbkbttn_button\">\n                            <a href=\"https:\/\/www.facebook.com\/\" target=\"_blank\">\n                                <img src=\"https:\/\/pts.org.pl\/wp-content\/plugins\/facebook-button-plugin\/images\/standard-facebook-ico.png\" alt=\"Fb-Button\" \/>\n                            <\/a>\n                        <\/div><div class=\"fcbkbttn_like \"><fb:like href=\"https:\/\/pts.org.pl\/en\/spotkanie-naukowe-queerowe-pomniki-w-europie\/\" action=\"like\" colorscheme=\"light\" layout=\"button_count\"  size=\"small\"><\/fb:like><\/div><\/div>\n<p>Oddzia\u0142 \u0141\u00f3dzki Polskiego Towarzystwa Socjologicznego, Instytut Socjologii Uniwersytetu \u0141\u00f3dzkiego oraz Fabryka R\u00f3wno\u015bci zapraszaj\u0105 na spotkanie naukowe z socjolo\u017ck\u0105 dr hab. Katarzyn\u0105 Wojnick\u0105 z Uniwersytetu w G\u00f6teborgu <strong>pt. Queerowe pomniki w Europie<\/strong><\/p>\n\n\n\n<p>Spotkanie odb\u0119dzie si\u0119&nbsp;<strong>w poniedzia\u0142ek 8 kwietnia o 17:00 w sali T401 na Wydziale Ekonomiczno-Socjologicznym U\u0141<\/strong>&nbsp;(ul. Rewolucji 1905 r. nr 41).<\/p>\n\n\n\n<p>Badaczka zaprezentuje wyniki bada\u0144 etnograficznych nad miejscami dziedzictwa kulturowego w dwudziestu europejskich miastach, oddaj\u0105cymi cze\u015b\u0107 mniejszo\u015bciom p\u0142ciowym i seksualnym, cz\u0119sto pomijanym w dominuj\u0105cych narracjach publicznych. Celem bada\u0144 by\u0142a odpowied\u017a na pytanie, kto i w jaki spos\u00f3b ma zosta\u0107 zapami\u0119tany i reprezentowany w europejskich queerowych pomnikach.<\/p>\n\n\n\n<p>Abstrakt wyk\u0142adu, notka o badaczce oraz plakat wydarzenia zawarte s\u0105 w za\u0142\u0105czeniu.<\/p>\n\n\n\n<p>Link do wydarzenia na Facebooku:&nbsp;<a href=\"https:\/\/www.facebook.com\/events\/718582306820076\" target=\"_blank\" rel=\"noreferrer noopener\">https:\/\/www.facebook.com\/events\/718582306820076<\/a><\/p>\n\n\n\n<p>Spotkanie ma charakter otwarty.<\/p>\n\n\n\n<div class=\"wp-block-file\"><object class=\"wp-block-file__embed\" data=\"https:\/\/pts.org.pl\/wp-content\/uploads\/2024\/03\/Queerowe-pomniki-w-Europie_plakat.pdf\" type=\"application\/pdf\" style=\"width:100%;height:600px\" aria-label=\"Osadzone z Queerowe-pomniki-w-Europie_plakat.\"><\/object><a href=\"https:\/\/pts.org.pl\/wp-content\/uploads\/2024\/03\/Queerowe-pomniki-w-Europie_plakat.pdf\">Queerowe-pomniki-w-Europie_plakat<\/a><a href=\"https:\/\/pts.org.pl\/wp-content\/uploads\/2024\/03\/Queerowe-pomniki-w-Europie_plakat.pdf\" class=\"wp-block-file__button\" download>Pobierz<\/a><\/div>\n\n\n\n<div class=\"wp-block-file\"><a href=\"https:\/\/pts.org.pl\/wp-content\/uploads\/2024\/03\/KATARZYNA-WOJNICKA_Queerowe-pomniki-w-Europie_2-1.docx\">KATARZYNA-WOJNICKA_Queerowe-pomniki-w-Europie_2-1<\/a><a href=\"https:\/\/pts.org.pl\/wp-content\/uploads\/2024\/03\/KATARZYNA-WOJNICKA_Queerowe-pomniki-w-Europie_2-1.docx\" class=\"wp-block-file__button\" download>Pobierz<\/a><\/div>\n","protected":false},"excerpt":{"rendered":"<p>Oddzia\u0142 \u0141\u00f3dzki Polskiego Towarzystwa Socjologicznego, Instytut Socjologii Uniwersytetu \u0141\u00f3dzkiego oraz Fabryka R\u00f3wno\u015bci zapraszaj\u0105 na spotkanie naukowe z socjolo\u017ck\u0105 dr hab. Katarzyn\u0105 Wojnick\u0105 z Uniwersytetu w G\u00f6teborgu pt. Queerowe pomniki w Europie Spotkanie odb\u0119dzie si\u0119&nbsp;w poniedzia\u0142ek 8 kwietnia o 17:00 w sali T401 na Wydziale Ekonomiczno-Socjologicznym U\u0141&nbsp;(ul. Rewolucji 1905 r. nr 41). Badaczka zaprezentuje wyniki bada\u0144 [&hellip;]<\/p>\n","protected":false},"author":11,"featured_media":0,"comment_status":"open","ping_status":"open","sticky":false,"template":"","format":"standard","meta":[],"categories":[],"tags":[],"_links":{"self":[{"href":"https:\/\/pts.org.pl\/en\/wp-json\/wp\/v2\/posts\/7067"}],"collection":[{"href":"https:\/\/pts.org.pl\/en\/wp-json\/wp\/v2\/posts"}],"about":[{"href":"https:\/\/pts.org.pl\/en\/wp-json\/wp\/v2\/types\/post"}],"author":[{"embeddable":true,"href":"https:\/\/pts.org.pl\/en\/wp-json\/wp\/v2\/users\/11"}],"replies":[{"embeddable":true,"href":"https:\/\/pts.org.pl\/en\/wp-json\/wp\/v2\/comments?post=7067"}],"version-history":[{"count":1,"href":"https:\/\/pts.org.pl\/en\/wp-json\/wp\/v2\/posts\/7067\/revisions"}],"predecessor-version":[{"id":7070,"href":"https:\/\/pts.org.pl\/en\/wp-json\/wp\/v2\/posts\/7067\/revisions\/7070"}],"wp:attachment":[{"href":"https:\/\/pts.org.pl\/en\/wp-json\/wp\/v2\/media?parent=7067"}],"wp:term":[{"taxonomy":"category","embeddable":true,"href":"https:\/\/pts.org.pl\/en\/wp-json\/wp\/v2\/categories?post=7067"},{"taxonomy":"post_tag","embeddable":true,"href":"https:\/\/pts.org.pl\/en\/wp-json\/wp\/v2\/tags?post=7067"}],"curies":[{"name":"wp","href":"https:\/\/api.w.org\/{rel}","templated":true}]}}