{"id":7056,"date":"2024-03-06T09:38:21","date_gmt":"2024-03-06T09:38:21","guid":{"rendered":"https:\/\/pts.org.pl\/?p=7056"},"modified":"2024-03-06T09:40:55","modified_gmt":"2024-03-06T09:40:55","slug":"socjologiczne-jam-session-z-howardem-beckerem","status":"publish","type":"post","link":"https:\/\/pts.org.pl\/en\/socjologiczne-jam-session-z-howardem-beckerem\/","title":{"rendered":"SOCJOLOGICZNE JAM SESSION Z HOWARDEM BECKEREM"},"content":{"rendered":"<div class=\"fcbkbttn_buttons_block\" id=\"fcbkbttn_left\"><div class=\"fcbkbttn_button\">\n                            <a href=\"https:\/\/www.facebook.com\/\" target=\"_blank\">\n                                <img src=\"https:\/\/pts.org.pl\/wp-content\/plugins\/facebook-button-plugin\/images\/standard-facebook-ico.png\" alt=\"Fb-Button\" \/>\n                            <\/a>\n                        <\/div><div class=\"fcbkbttn_like \"><fb:like href=\"https:\/\/pts.org.pl\/en\/socjologiczne-jam-session-z-howardem-beckerem\/\" action=\"like\" colorscheme=\"light\" layout=\"button_count\"  size=\"small\"><\/fb:like><\/div><\/div>\n<p>Sekcja Socjologii Jako\u015bciowej i Symbolicznego Interakcjonizmu PTS zaprasza na spotkanie <\/p>\n\n\n\n<p>SOCJOLOGICZNE JAM SESSION Z HOWARDEM BECKEREM<\/p>\n\n\n\n<p>Kiedy: 13 marca 2024 (\u015broda), godzina 18.00<br>Gdzie: Collegium Civitas, Pa\u0142ac Kultury i Nauki, Pl. Defilad 1, XII pi\u0119tro, sala 1222<\/p>\n\n\n\n<p>W programie:<\/p>\n\n\n\n<p>IZABELA WAGNER przedstawi sylwetk\u0119 Howarda Beckera<br>&#8220;Howie Becker \u2013 A Lucky Star and My Lucky Star!&#8221;<\/p>\n\n\n\n<p>PAWE\u0141 TOMANEK opowie o Beckera pomys\u0142ach na pisanie naukowe<br>&#8220;Zawile nie znaczy m\u0105drze: Becker a j\u0119zyk socjologiczny&#8221;<\/p>\n\n\n\n<p>IZABELA BUKALSKA i KATARZYNA KALINOWSKA zainicjuj\u0105 dyskusj\u0119 o recepcji Beckera w Polsce &#8220;Beckerowskie tropy w polskiej socjologii&#8221;<\/p>\n\n\n\n<p>Od razu po spotkaniu udamy si\u0119 wsp\u00f3lnie na afterparty a nast\u0119pnie o 22:00 na jam session do klubu Spatif, Al. Ujazdowskie 45.<\/p>\n\n\n\n<figure class=\"wp-block-image size-large\"><img loading=\"lazy\" width=\"1024\" height=\"536\" src=\"https:\/\/pts.org.pl\/wp-content\/uploads\/2024\/03\/Jam-1024x536.jpg\" alt=\"\" class=\"wp-image-7057\" srcset=\"https:\/\/pts.org.pl\/wp-content\/uploads\/2024\/03\/Jam-1024x536.jpg 1024w, https:\/\/pts.org.pl\/wp-content\/uploads\/2024\/03\/Jam-300x157.jpg 300w, https:\/\/pts.org.pl\/wp-content\/uploads\/2024\/03\/Jam-768x402.jpg 768w, https:\/\/pts.org.pl\/wp-content\/uploads\/2024\/03\/Jam.jpg 1200w\" sizes=\"(max-width: 1024px) 100vw, 1024px\" \/><\/figure>\n","protected":false},"excerpt":{"rendered":"<p>Sekcja Socjologii Jako\u015bciowej i Symbolicznego Interakcjonizmu PTS zaprasza na spotkanie SOCJOLOGICZNE JAM SESSION Z HOWARDEM BECKEREM Kiedy: 13 marca 2024 (\u015broda), godzina 18.00Gdzie: Collegium Civitas, Pa\u0142ac Kultury i Nauki, Pl. Defilad 1, XII pi\u0119tro, sala 1222 W programie: IZABELA WAGNER przedstawi sylwetk\u0119 Howarda Beckera&#8220;Howie Becker \u2013 A Lucky Star and My Lucky Star!&#8221; PAWE\u0141 TOMANEK [&hellip;]<\/p>\n","protected":false},"author":11,"featured_media":0,"comment_status":"open","ping_status":"open","sticky":false,"template":"","format":"standard","meta":[],"categories":[],"tags":[],"_links":{"self":[{"href":"https:\/\/pts.org.pl\/en\/wp-json\/wp\/v2\/posts\/7056"}],"collection":[{"href":"https:\/\/pts.org.pl\/en\/wp-json\/wp\/v2\/posts"}],"about":[{"href":"https:\/\/pts.org.pl\/en\/wp-json\/wp\/v2\/types\/post"}],"author":[{"embeddable":true,"href":"https:\/\/pts.org.pl\/en\/wp-json\/wp\/v2\/users\/11"}],"replies":[{"embeddable":true,"href":"https:\/\/pts.org.pl\/en\/wp-json\/wp\/v2\/comments?post=7056"}],"version-history":[{"count":2,"href":"https:\/\/pts.org.pl\/en\/wp-json\/wp\/v2\/posts\/7056\/revisions"}],"predecessor-version":[{"id":7059,"href":"https:\/\/pts.org.pl\/en\/wp-json\/wp\/v2\/posts\/7056\/revisions\/7059"}],"wp:attachment":[{"href":"https:\/\/pts.org.pl\/en\/wp-json\/wp\/v2\/media?parent=7056"}],"wp:term":[{"taxonomy":"category","embeddable":true,"href":"https:\/\/pts.org.pl\/en\/wp-json\/wp\/v2\/categories?post=7056"},{"taxonomy":"post_tag","embeddable":true,"href":"https:\/\/pts.org.pl\/en\/wp-json\/wp\/v2\/tags?post=7056"}],"curies":[{"name":"wp","href":"https:\/\/api.w.org\/{rel}","templated":true}]}}