{"id":6997,"date":"2024-02-21T09:57:50","date_gmt":"2024-02-21T09:57:50","guid":{"rendered":"https:\/\/pts.org.pl\/?p=6997"},"modified":"2024-02-23T19:15:13","modified_gmt":"2024-02-23T19:15:13","slug":"dyskusja-pt-moralnosc-a-doznanie-czyli-co-socjologia-moze-powiedziec-o-recepcji-sztuki","status":"publish","type":"post","link":"https:\/\/pts.org.pl\/en\/dyskusja-pt-moralnosc-a-doznanie-czyli-co-socjologia-moze-powiedziec-o-recepcji-sztuki\/","title":{"rendered":"Dyskusja pt.: Moralno\u015b\u0107 a doznanie &#8211; czyli co socjologia mo\u017ce powiedzie\u0107 o recepcji sztuki"},"content":{"rendered":"<div class=\"fcbkbttn_buttons_block\" id=\"fcbkbttn_left\"><div class=\"fcbkbttn_button\">\n                            <a href=\"https:\/\/www.facebook.com\/\" target=\"_blank\">\n                                <img src=\"https:\/\/pts.org.pl\/wp-content\/plugins\/facebook-button-plugin\/images\/standard-facebook-ico.png\" alt=\"Fb-Button\" \/>\n                            <\/a>\n                        <\/div><div class=\"fcbkbttn_like \"><fb:like href=\"https:\/\/pts.org.pl\/en\/dyskusja-pt-moralnosc-a-doznanie-czyli-co-socjologia-moze-powiedziec-o-recepcji-sztuki\/\" action=\"like\" colorscheme=\"light\" layout=\"button_count\"  size=\"small\"><\/fb:like><\/div><\/div>\n<p>Szanowni Pa\u0144stwo,<\/p>\n\n\n\n<p>Oddzia\u0142 \u0141\u00f3dzki PTS, Sekcja Socjologii Sztuki PTS, Pracownia Socjologii Sztuki w Przestrzeni Publicznej UW oraz\u00a0 Biblioteka Miejska Tuvim zapraszaj\u0105 na dyskusj\u0119 pt.: <em><strong>Moralno\u015b\u0107 a doznanie &#8211; czyli co socjologia mo\u017ce powiedzie\u0107 o recepcji sztuki<\/strong><\/em><\/p>\n\n\n\n<p>Dyskusja odb\u0119dzie si\u0119&nbsp;<strong>8 marca br. w Bibliotece Miejskiej Tuvim w \u0141odzi<\/strong>&nbsp;(ul. Juliana Tuwima 46, przy Centrum EC1)&nbsp;<strong>w godzinach 17:00-19:00.<\/strong><\/p>\n\n\n\n<p>Osoby uczestnicz\u0105ce w dyskusji:<br>Kamila Bia\u0142y<br>Tomasz Ferenc<br>Dagna Kido\u0144<\/p>\n\n\n\n<p>Moderator:<br>Pawe\u0142 Mo\u017cd\u017cy\u0144ski<\/p>\n\n\n\n<p>Inspiracj\u0105 do spotkania jest ksi\u0105\u017cka Kamili Bia\u0142y, Tomasza Ferenca oraz Dagny Kido\u0144 &#8220;Moralno\u015b\u0107 a doznanie. Uwagi o estetycznym i pozaestetycznym do\u015bwiadczaniu sztuki&#8221; (2023, \u0141\u00f3d\u017a: Wydawnictwo PWSFTviT).<\/p>\n\n\n\n<div class=\"wp-block-file\"><object class=\"wp-block-file__embed\" data=\"https:\/\/pts.org.pl\/wp-content\/uploads\/2024\/02\/Dyskusja-Moralnosc-a-doznanie-3.pdf\" type=\"application\/pdf\" style=\"width:100%;height:600px\" aria-label=\"Osadzone z Dyskusja-Moralnosc-a-doznanie-3.\"><\/object><a href=\"https:\/\/pts.org.pl\/wp-content\/uploads\/2024\/02\/Dyskusja-Moralnosc-a-doznanie-3.pdf\">Dyskusja-Moralnosc-a-doznanie-3<\/a><a href=\"https:\/\/pts.org.pl\/wp-content\/uploads\/2024\/02\/Dyskusja-Moralnosc-a-doznanie-3.pdf\" class=\"wp-block-file__button\" download>Pobierz<\/a><\/div>\n","protected":false},"excerpt":{"rendered":"<p>Szanowni Pa\u0144stwo, Oddzia\u0142 \u0141\u00f3dzki PTS, Sekcja Socjologii Sztuki PTS, Pracownia Socjologii Sztuki w Przestrzeni Publicznej UW oraz\u00a0 Biblioteka Miejska Tuvim zapraszaj\u0105 na dyskusj\u0119 pt.: Moralno\u015b\u0107 a doznanie &#8211; czyli co socjologia mo\u017ce powiedzie\u0107 o recepcji sztuki Dyskusja odb\u0119dzie si\u0119&nbsp;8 marca br. w Bibliotece Miejskiej Tuvim w \u0141odzi&nbsp;(ul. Juliana Tuwima 46, przy Centrum EC1)&nbsp;w godzinach 17:00-19:00. [&hellip;]<\/p>\n","protected":false},"author":11,"featured_media":0,"comment_status":"open","ping_status":"open","sticky":false,"template":"","format":"standard","meta":[],"categories":[],"tags":[],"_links":{"self":[{"href":"https:\/\/pts.org.pl\/en\/wp-json\/wp\/v2\/posts\/6997"}],"collection":[{"href":"https:\/\/pts.org.pl\/en\/wp-json\/wp\/v2\/posts"}],"about":[{"href":"https:\/\/pts.org.pl\/en\/wp-json\/wp\/v2\/types\/post"}],"author":[{"embeddable":true,"href":"https:\/\/pts.org.pl\/en\/wp-json\/wp\/v2\/users\/11"}],"replies":[{"embeddable":true,"href":"https:\/\/pts.org.pl\/en\/wp-json\/wp\/v2\/comments?post=6997"}],"version-history":[{"count":4,"href":"https:\/\/pts.org.pl\/en\/wp-json\/wp\/v2\/posts\/6997\/revisions"}],"predecessor-version":[{"id":7033,"href":"https:\/\/pts.org.pl\/en\/wp-json\/wp\/v2\/posts\/6997\/revisions\/7033"}],"wp:attachment":[{"href":"https:\/\/pts.org.pl\/en\/wp-json\/wp\/v2\/media?parent=6997"}],"wp:term":[{"taxonomy":"category","embeddable":true,"href":"https:\/\/pts.org.pl\/en\/wp-json\/wp\/v2\/categories?post=6997"},{"taxonomy":"post_tag","embeddable":true,"href":"https:\/\/pts.org.pl\/en\/wp-json\/wp\/v2\/tags?post=6997"}],"curies":[{"name":"wp","href":"https:\/\/api.w.org\/{rel}","templated":true}]}}