{"id":6966,"date":"2024-01-22T17:15:47","date_gmt":"2024-01-22T17:15:47","guid":{"rendered":"https:\/\/pts.org.pl\/?p=6966"},"modified":"2024-01-22T17:15:49","modified_gmt":"2024-01-22T17:15:49","slug":"po-5-latach-przerwy-kongres-mlodej-socjologii-powraca-w-formie-stacjonarnej","status":"publish","type":"post","link":"https:\/\/pts.org.pl\/en\/po-5-latach-przerwy-kongres-mlodej-socjologii-powraca-w-formie-stacjonarnej\/","title":{"rendered":"Po 5 latach przerwy Kongres M\u0142odej Socjologii powraca w formie stacjonarnej!"},"content":{"rendered":"<div class=\"fcbkbttn_buttons_block\" id=\"fcbkbttn_left\"><div class=\"fcbkbttn_button\">\n                            <a href=\"https:\/\/www.facebook.com\/\" target=\"_blank\">\n                                <img src=\"https:\/\/pts.org.pl\/wp-content\/plugins\/facebook-button-plugin\/images\/standard-facebook-ico.png\" alt=\"Fb-Button\" \/>\n                            <\/a>\n                        <\/div><div class=\"fcbkbttn_like \"><fb:like href=\"https:\/\/pts.org.pl\/en\/po-5-latach-przerwy-kongres-mlodej-socjologii-powraca-w-formie-stacjonarnej\/\" action=\"like\" colorscheme=\"light\" layout=\"button_count\"  size=\"small\"><\/fb:like><\/div><\/div>\n<p>Najwi\u0119ksze i najwa\u017cniejsze w Polsce wydarzenie, daj\u0105ce przestrze\u0144 m\u0142odym osobom badaj\u0105cym spo\u0142ecze\u0144stwo do pochwalenia si\u0119 swoimi dzia\u0142aniami naukowymi, odb\u0119dzie si\u0119 po raz 13.<\/p>\n\n\n\n<p>Kongres M\u0142odej Socjologii jest konferencj\u0105 naukow\u0105 organizowan\u0105 przez Ko\u0142o Naukowe Socjologii Uniwersytetu Jagiello\u0144skiego we wsp\u00f3\u0142pracy z Instytutem Socjologii UJ.\u00a0<\/p>\n\n\n\n<p>Przez trzy dni, od 12 kwietnia do 14 kwietnia 2024 roku, mury Instytutu Socjologii UJ stan\u0105 si\u0119 forum wymiany wiedzy i do\u015bwiadcze\u0144 os\u00f3b studenckich oraz doktoranckich z r\u00f3\u017cnych o\u015brodk\u00f3w naukowych w Polsce i za granic\u0105. Poprzednie edycje Kongresu ukaza\u0142y,\u00a0jak r\u00f3\u017cnorodne kierunki spo\u0142eczne oraz humanistyczne mog\u0105 reprezentowa\u0107 osoby prelegenckie: socjologia, antropologia spo\u0142eczna, religioznawstwo, pedagogika spo\u0142eczna, psychologia spo\u0142eczna, prawo czy politologia. Wyg\u0142aszane podczas kongresu referaty stanowi\u0105 zwykle pierwsze pr\u00f3by dzielenia si\u0119 rezultatami swoich bada\u0144, cz\u0119sto s\u0105 tak\u017ce prezentacj\u0105 wynik\u00f3w uzyskanych w toku pisania prac dyplomowych lub rozpraw doktorskich, dzi\u0119ki czemu Kongres jest okazj\u0105 do obserwowania pierwszych krok\u00f3w stawianych przez m\u0142ode pokolenie os\u00f3b badaj\u0105cych spo\u0142ecze\u0144stwo. KMS wsp\u00f3\u0142tworzy r\u00f3wnie\u017c\u00a0kadra naukowa organizuj\u0105ca warsztaty oraz zapewniaj\u0105ca pomoc merytoryczn\u0105 w czasie organizacji wydarzenia.<\/p>\n\n\n\n<p>Zg\u0142osze\u0144 mo\u017cna dokona\u0107 poprzez stron\u0119:\u00a0<a rel=\"noreferrer noopener\" href=\"https:\/\/kms.confer.uj.edu.pl\/zgloszenia\" target=\"_blank\">https:\/\/kms.confer.uj.edu.pl\/zgloszenia<\/a>.\u00a0 <\/p>\n\n\n\n<p>Organizatorzy zapraszaj\u0105 r\u00f3wnie\u017c wszystkie osoby wyk\u0142adaj\u0105ce i studiuj\u0105ce do przyjazdu na 13. Kongres M\u0142odej Socjologii w celu ods\u0142uchania i refleksji nad referatami wyg\u0142aszanymi przez m\u0142ode pokolenie os\u00f3b anga\u017cuj\u0105cych si\u0119 w badania w dziedzinie socjologicznej. \u00a0<\/p>\n\n\n\n<p>Dla wszystkich zainteresowanych dost\u0119pne s\u0105 zni\u017cki na nocleg w Krakowie podczas trwania konferencji, poszczeg\u00f3lne miejsca i szczeg\u00f3\u0142y mo\u017cna znale\u017a\u0107 na stronie internetowej:\u00a0<a rel=\"noreferrer noopener\" href=\"https:\/\/kms.confer.uj.edu.pl\/nocleg\" target=\"_blank\">https:\/\/kms.confer.uj.edu.pl\/nocleg<\/a>.\u00a0<\/p>\n\n\n\n<p>Po wi\u0119cej informacji na temat 13. Kongresu M\u0142odej Socjologii zapraszamy na stron\u0119 internetow\u0105 oraz stron\u0119 na portalu Facebook.\u00a0<\/p>\n\n\n\n<p>Strona internetowa:&nbsp;<a href=\"https:\/\/kms.confer.uj.edu.pl\/\" target=\"_blank\" rel=\"noreferrer noopener\">https:\/\/kms.confer.uj.edu.pl\/<\/a>&nbsp;<\/p>\n\n\n\n<p>Facebook:&nbsp;<a href=\"https:\/\/www.facebook.com\/13KongresMlodejSocjologii\" target=\"_blank\" rel=\"noreferrer noopener\">https:\/\/www.facebook.com\/13KongresMlodejSocjologii<\/a>&nbsp;<\/p>\n\n\n\n<p>Wydarzenie na Facebooku:\u00a0<a rel=\"noreferrer noopener\" href=\"https:\/\/fb.me\/e\/37OniSd3j\" target=\"_blank\">https:\/\/fb.me\/e\/37OniSd3j<\/a>\u00a0<\/p>\n\n\n\n<div class=\"wp-block-file\"><object class=\"wp-block-file__embed\" data=\"https:\/\/pts.org.pl\/wp-content\/uploads\/2024\/01\/KMS-Call-for-Papers.pdf\" type=\"application\/pdf\" style=\"width:100%;height:600px\" aria-label=\"Osadzone z KMS-Call-for-Papers.\"><\/object><a href=\"https:\/\/pts.org.pl\/wp-content\/uploads\/2024\/01\/KMS-Call-for-Papers.pdf\">KMS-Call-for-Papers<\/a><a href=\"https:\/\/pts.org.pl\/wp-content\/uploads\/2024\/01\/KMS-Call-for-Papers.pdf\" class=\"wp-block-file__button\" download>Pobierz<\/a><\/div>\n\n\n\n<div class=\"wp-block-file\"><object class=\"wp-block-file__embed\" data=\"https:\/\/pts.org.pl\/wp-content\/uploads\/2024\/01\/KMS-informacja-1.pdf\" type=\"application\/pdf\" style=\"width:100%;height:600px\" aria-label=\"Osadzone z KMS-informacja-1.\"><\/object><a href=\"https:\/\/pts.org.pl\/wp-content\/uploads\/2024\/01\/KMS-informacja-1.pdf\">KMS-informacja-1<\/a><a href=\"https:\/\/pts.org.pl\/wp-content\/uploads\/2024\/01\/KMS-informacja-1.pdf\" class=\"wp-block-file__button\" download>Pobierz<\/a><\/div>\n","protected":false},"excerpt":{"rendered":"<p>Najwi\u0119ksze i najwa\u017cniejsze w Polsce wydarzenie, daj\u0105ce przestrze\u0144 m\u0142odym osobom badaj\u0105cym spo\u0142ecze\u0144stwo do pochwalenia si\u0119 swoimi dzia\u0142aniami naukowymi, odb\u0119dzie si\u0119 po raz 13. Kongres M\u0142odej Socjologii jest konferencj\u0105 naukow\u0105 organizowan\u0105 przez Ko\u0142o Naukowe Socjologii Uniwersytetu Jagiello\u0144skiego we wsp\u00f3\u0142pracy z Instytutem Socjologii UJ.\u00a0 Przez trzy dni, od 12 kwietnia do 14 kwietnia 2024 roku, mury Instytutu [&hellip;]<\/p>\n","protected":false},"author":11,"featured_media":0,"comment_status":"open","ping_status":"open","sticky":false,"template":"","format":"standard","meta":[],"categories":[],"tags":[],"_links":{"self":[{"href":"https:\/\/pts.org.pl\/en\/wp-json\/wp\/v2\/posts\/6966"}],"collection":[{"href":"https:\/\/pts.org.pl\/en\/wp-json\/wp\/v2\/posts"}],"about":[{"href":"https:\/\/pts.org.pl\/en\/wp-json\/wp\/v2\/types\/post"}],"author":[{"embeddable":true,"href":"https:\/\/pts.org.pl\/en\/wp-json\/wp\/v2\/users\/11"}],"replies":[{"embeddable":true,"href":"https:\/\/pts.org.pl\/en\/wp-json\/wp\/v2\/comments?post=6966"}],"version-history":[{"count":1,"href":"https:\/\/pts.org.pl\/en\/wp-json\/wp\/v2\/posts\/6966\/revisions"}],"predecessor-version":[{"id":6969,"href":"https:\/\/pts.org.pl\/en\/wp-json\/wp\/v2\/posts\/6966\/revisions\/6969"}],"wp:attachment":[{"href":"https:\/\/pts.org.pl\/en\/wp-json\/wp\/v2\/media?parent=6966"}],"wp:term":[{"taxonomy":"category","embeddable":true,"href":"https:\/\/pts.org.pl\/en\/wp-json\/wp\/v2\/categories?post=6966"},{"taxonomy":"post_tag","embeddable":true,"href":"https:\/\/pts.org.pl\/en\/wp-json\/wp\/v2\/tags?post=6966"}],"curies":[{"name":"wp","href":"https:\/\/api.w.org\/{rel}","templated":true}]}}