{"id":6961,"date":"2024-01-17T11:44:48","date_gmt":"2024-01-17T11:44:48","guid":{"rendered":"https:\/\/pts.org.pl\/?p=6961"},"modified":"2024-01-17T11:44:51","modified_gmt":"2024-01-17T11:44:51","slug":"seminarium-spoleczne-uwarunkowania-odbioru-sztuki-wspolczesnej-badania-z-wykorzystaniem-okulografii","status":"publish","type":"post","link":"https:\/\/pts.org.pl\/en\/seminarium-spoleczne-uwarunkowania-odbioru-sztuki-wspolczesnej-badania-z-wykorzystaniem-okulografii\/","title":{"rendered":"Seminarium: Spo\u0142eczne uwarunkowania odbioru sztuki wsp\u00f3\u0142czesnej. Badania z wykorzystaniem okulografii"},"content":{"rendered":"<div class=\"fcbkbttn_buttons_block\" id=\"fcbkbttn_left\"><div class=\"fcbkbttn_button\">\n                            <a href=\"https:\/\/www.facebook.com\/\" target=\"_blank\">\n                                <img src=\"https:\/\/pts.org.pl\/wp-content\/plugins\/facebook-button-plugin\/images\/standard-facebook-ico.png\" alt=\"Fb-Button\" \/>\n                            <\/a>\n                        <\/div><div class=\"fcbkbttn_like \"><fb:like href=\"https:\/\/pts.org.pl\/en\/seminarium-spoleczne-uwarunkowania-odbioru-sztuki-wspolczesnej-badania-z-wykorzystaniem-okulografii\/\" action=\"like\" colorscheme=\"light\" layout=\"button_count\"  size=\"small\"><\/fb:like><\/div><\/div>\n<p>Serdecznie zapraszamy na spotkanie\u00a0z dr Dagn\u0105 Kido\u0144 pt. &#8220;<strong>Spo\u0142eczne uwarunkowania odbioru sztuki wsp\u00f3\u0142czesnej. Badania z wykorzystaniem okulografii<\/strong>\u201d w \u0141odzi w dniu\u00a0<strong>22.01 o g. 16<\/strong>\u00a0w sali D 206, Wydzia\u0142 Ekonomiczno-Socjologiczny U\u0141. ul.\u00a0\u00a0Polskiej Organizacji Wojskowej 3\/5.Spotkanie organizowane jest w ramach III\u00a0Seminarium\u00a0Sekcji\u00a0Socjologii Sztuki PTS i odb\u0119dzie si\u0119 w formule\u00a0hybrydowej.<br><\/p>\n\n\n\n<p>Link do seminarium zostanie przes\u0142any osobom ch\u0119tnym do udzia\u0142u w spotkaniu. W tym celu prosimy o kontakt na adres: pts.sztuka@gmail.com<br><\/p>\n\n\n\n<p>Podczas spotkania zaprezentowane zostan\u0105 wyniki interdyscyplinarnych bada\u0144 realizowanych w ramach doktoratu prelegentki. Aby scharakteryzowa\u0107 recepcj\u0119 sztuki, w duchu Pierre\u2019a Bourideu, autorka uwzgl\u0119dni\u0142a poziom kompetencji artystycznej, dyspozycji estetycznej oraz zmienne spo\u0142eczno-demograficzne badanych os\u00f3b. Badaczk\u0119 interesowa\u0142o w jaki spos\u00f3b poziom kompetencji odbiorczych wp\u0142ywa na odbi\u00f3r sztuki, jej zrozumienie, interpretacj\u0119 oraz percepcj\u0119. Analiz\u0119 recepcji sztuki przeprowadzi\u0142a nie tylko przy u\u017cyciu tradycyjnych metod badawczych (wywiad, kwestionariusz), ale wykorzysta\u0142a tak\u017ce okulografi\u0119 (eye-tracking). Technologia rejestruj\u0105ca ruchy ga\u0142ek ocznych pozwoli\u0142a dodatkowo zmierzy\u0107 aktywno\u015b\u0107 wzrokow\u0105 uczestnik\u00f3w \u2013 percepcj\u0119 na poziomie fizycznym i sprawdzi\u0107 jak przek\u0142ada si\u0119 ona na odbi\u00f3r dzie\u0142a sztuki. Dodatkow\u0105 warto\u015bci\u0105 bada\u0144 wykorzystuj\u0105cych osi\u0105gni\u0119cia neuroestetyki by\u0142a weryfikacja skuteczno\u015bci zastosowania okulografii w badaniach socjologicznych, szczeg\u00f3lnie w kontek\u015bcie bada\u0144 nad sztuk\u0105.<br><\/p>\n\n\n\n<p>Po prelekcji zapraszamy do dyskusji.\u00a0\u00a0<\/p>\n\n\n\n<p>Katedra Socjologii Sztuki U\u0141<\/p>\n\n\n\n<p>Sekcja Socjologii Sztuki PTS<\/p>\n\n\n\n<figure class=\"wp-block-gallery columns-1 is-cropped\"><ul class=\"blocks-gallery-grid\"><li class=\"blocks-gallery-item\"><figure><img loading=\"lazy\" width=\"1024\" height=\"769\" src=\"https:\/\/pts.org.pl\/wp-content\/uploads\/2024\/01\/IMG_20210319_160116-1024x769.jpg\" alt=\"\" data-id=\"6962\" data-full-url=\"https:\/\/pts.org.pl\/wp-content\/uploads\/2024\/01\/IMG_20210319_160116-scaled.jpg\" data-link=\"https:\/\/pts.org.pl\/?attachment_id=6962\" class=\"wp-image-6962\" srcset=\"https:\/\/pts.org.pl\/wp-content\/uploads\/2024\/01\/IMG_20210319_160116-1024x769.jpg 1024w, https:\/\/pts.org.pl\/wp-content\/uploads\/2024\/01\/IMG_20210319_160116-300x225.jpg 300w, https:\/\/pts.org.pl\/wp-content\/uploads\/2024\/01\/IMG_20210319_160116-768x577.jpg 768w, https:\/\/pts.org.pl\/wp-content\/uploads\/2024\/01\/IMG_20210319_160116-1536x1153.jpg 1536w, https:\/\/pts.org.pl\/wp-content\/uploads\/2024\/01\/IMG_20210319_160116-2048x1538.jpg 2048w\" sizes=\"(max-width: 1024px) 100vw, 1024px\" \/><\/figure><\/li><\/ul><\/figure>\n\n\n\n<figure class=\"wp-block-gallery columns-1 is-cropped\"><ul class=\"blocks-gallery-grid\"><li class=\"blocks-gallery-item\"><figure><img loading=\"lazy\" width=\"496\" height=\"495\" src=\"https:\/\/pts.org.pl\/wp-content\/uploads\/2024\/01\/1.png\" alt=\"\" data-id=\"6963\" data-full-url=\"https:\/\/pts.org.pl\/wp-content\/uploads\/2024\/01\/1.png\" data-link=\"https:\/\/pts.org.pl\/?attachment_id=6963\" class=\"wp-image-6963\" srcset=\"https:\/\/pts.org.pl\/wp-content\/uploads\/2024\/01\/1.png 496w, https:\/\/pts.org.pl\/wp-content\/uploads\/2024\/01\/1-300x300.png 300w, https:\/\/pts.org.pl\/wp-content\/uploads\/2024\/01\/1-150x150.png 150w\" sizes=\"(max-width: 496px) 100vw, 496px\" \/><\/figure><\/li><\/ul><\/figure>\n\n\n\n<figure class=\"wp-block-gallery columns-1 is-cropped\"><ul class=\"blocks-gallery-grid\"><li class=\"blocks-gallery-item\"><figure><img loading=\"lazy\" width=\"974\" height=\"722\" src=\"https:\/\/pts.org.pl\/wp-content\/uploads\/2024\/01\/Obraz2.jpg\" alt=\"\" data-id=\"6964\" data-full-url=\"https:\/\/pts.org.pl\/wp-content\/uploads\/2024\/01\/Obraz2.jpg\" data-link=\"https:\/\/pts.org.pl\/?attachment_id=6964\" class=\"wp-image-6964\" srcset=\"https:\/\/pts.org.pl\/wp-content\/uploads\/2024\/01\/Obraz2.jpg 974w, https:\/\/pts.org.pl\/wp-content\/uploads\/2024\/01\/Obraz2-300x222.jpg 300w, https:\/\/pts.org.pl\/wp-content\/uploads\/2024\/01\/Obraz2-768x569.jpg 768w\" sizes=\"(max-width: 974px) 100vw, 974px\" \/><\/figure><\/li><\/ul><\/figure>\n","protected":false},"excerpt":{"rendered":"<p>Serdecznie zapraszamy na spotkanie\u00a0z dr Dagn\u0105 Kido\u0144 pt. &#8220;Spo\u0142eczne uwarunkowania odbioru sztuki wsp\u00f3\u0142czesnej. Badania z wykorzystaniem okulografii\u201d w \u0141odzi w dniu\u00a022.01 o g. 16\u00a0w sali D 206, Wydzia\u0142 Ekonomiczno-Socjologiczny U\u0141. ul.\u00a0\u00a0Polskiej Organizacji Wojskowej 3\/5.Spotkanie organizowane jest w ramach III\u00a0Seminarium\u00a0Sekcji\u00a0Socjologii Sztuki PTS i odb\u0119dzie si\u0119 w formule\u00a0hybrydowej. Link do seminarium zostanie przes\u0142any osobom ch\u0119tnym do udzia\u0142u [&hellip;]<\/p>\n","protected":false},"author":11,"featured_media":0,"comment_status":"open","ping_status":"open","sticky":false,"template":"","format":"standard","meta":[],"categories":[],"tags":[],"_links":{"self":[{"href":"https:\/\/pts.org.pl\/en\/wp-json\/wp\/v2\/posts\/6961"}],"collection":[{"href":"https:\/\/pts.org.pl\/en\/wp-json\/wp\/v2\/posts"}],"about":[{"href":"https:\/\/pts.org.pl\/en\/wp-json\/wp\/v2\/types\/post"}],"author":[{"embeddable":true,"href":"https:\/\/pts.org.pl\/en\/wp-json\/wp\/v2\/users\/11"}],"replies":[{"embeddable":true,"href":"https:\/\/pts.org.pl\/en\/wp-json\/wp\/v2\/comments?post=6961"}],"version-history":[{"count":1,"href":"https:\/\/pts.org.pl\/en\/wp-json\/wp\/v2\/posts\/6961\/revisions"}],"predecessor-version":[{"id":6965,"href":"https:\/\/pts.org.pl\/en\/wp-json\/wp\/v2\/posts\/6961\/revisions\/6965"}],"wp:attachment":[{"href":"https:\/\/pts.org.pl\/en\/wp-json\/wp\/v2\/media?parent=6961"}],"wp:term":[{"taxonomy":"category","embeddable":true,"href":"https:\/\/pts.org.pl\/en\/wp-json\/wp\/v2\/categories?post=6961"},{"taxonomy":"post_tag","embeddable":true,"href":"https:\/\/pts.org.pl\/en\/wp-json\/wp\/v2\/tags?post=6961"}],"curies":[{"name":"wp","href":"https:\/\/api.w.org\/{rel}","templated":true}]}}