{"id":6954,"date":"2024-01-10T22:03:00","date_gmt":"2024-01-10T22:03:00","guid":{"rendered":"https:\/\/pts.org.pl\/?p=6954"},"modified":"2024-01-16T22:07:00","modified_gmt":"2024-01-16T22:07:00","slug":"zaproszenie-na-13-kongres-mlodej-socjologii","status":"publish","type":"post","link":"https:\/\/pts.org.pl\/en\/zaproszenie-na-13-kongres-mlodej-socjologii\/","title":{"rendered":"Zaproszenie na 13. Kongres M\u0142odej Socjologii"},"content":{"rendered":"<div class=\"fcbkbttn_buttons_block\" id=\"fcbkbttn_left\"><div class=\"fcbkbttn_button\">\n                            <a href=\"https:\/\/www.facebook.com\/\" target=\"_blank\">\n                                <img src=\"https:\/\/pts.org.pl\/wp-content\/plugins\/facebook-button-plugin\/images\/standard-facebook-ico.png\" alt=\"Fb-Button\" \/>\n                            <\/a>\n                        <\/div><div class=\"fcbkbttn_like \"><fb:like href=\"https:\/\/pts.org.pl\/en\/zaproszenie-na-13-kongres-mlodej-socjologii\/\" action=\"like\" colorscheme=\"light\" layout=\"button_count\"  size=\"small\"><\/fb:like><\/div><\/div>\n<p>Szanowni Pa\u0144stwo,<\/p>\n\n\n\n<p>po pi\u0119ciu latach przerwy Kongres M\u0142odej Socjologii powraca w formie stacjonarnej! Najwi\u0119ksza i najwa\u017cniejsza w Polsce studencka konferencja naukowa, daj\u0105ca przestrze\u0144 m\u0142odym osobom badaj\u0105cym spo\u0142ecze\u0144stwo do pochwalenia si\u0119 swoimi dzia\u0142aniami naukowymi, odb\u0119dzie si\u0119 w tym roku po raz trzynasty w historii.<\/p>\n\n\n\n<p><strong>Kongres M\u0142odej Socjologii jest wydarzeniem organizowanym przez Ko\u0142o Naukowe Socjologii Uniwersytetu Jagiello\u0144skiego we wsp\u00f3\u0142pracy z Instytutem Socjologii UJ. Przez trzy dni, od 12 do 14 kwietnia 2024 roku, mury Collegium Broscianum (Krak\u00f3w, ul. Grodzka 52) stan\u0105 si\u0119 forum wymiany wiedzy i do\u015bwiadcze\u0144 os\u00f3b studiuj\u0105cych oraz doktoranckich z r\u00f3\u017cnych o\u015brodk\u00f3w naukowych w Polsce i za granic\u0105.<\/strong><\/p>\n\n\n\n<p>Poprzednie edycje Kongresu pokaza\u0142y jak r\u00f3\u017cnorodne dziedziny nauk spo\u0142ecznych i humanistycznych mog\u0105 \u0142\u0105czy\u0107 si\u0119 w staraniach maj\u0105cych na celu dog\u0142\u0119bne obja\u015bnienie relacji i praw rz\u0105dz\u0105cych z\u0142o\u017conym \u015bwiatem stosunk\u00f3w spo\u0142ecznych. W d\u0105\u017ceniach tych udzia\u0142 bra\u0142y dotychczas osoby prelegenckie aktywnie reprezentuj\u0105ce kierunki, takie jak socjologia, antropologia spo\u0142eczna, religioznawstwo, pedagogika spo\u0142eczna, psychologia spo\u0142eczna, prawo czy politologia.<\/p>\n\n\n\n<p>Wyg\u0142aszane podczas Kongresu referaty stanowi\u0105 zwykle pierwsze pr\u00f3by dzielenia si\u0119 rezultatami swoich bada\u0144, cz\u0119sto s\u0105 tak\u017ce prezentacj\u0105 wynik\u00f3w bada\u0144 uzyskanych w toku pisania prac dyplomowych lub rozpraw doktorskich. W ten spos\u00f3b wydarzenie staje si\u0119 okazj\u0105 do obserwowania pierwszych krok\u00f3w stawianych przez osoby zafascynowane badaniami spo\u0142ecznymi.<\/p>\n\n\n\n<p>Serdecznie zapraszamy Pa\u0144stwa, cz\u0142onkinie i cz\u0142onk\u00f3w Polskiego Towarzystwa Socjologicznego, do odwiedzenia nas w czasie konferencji i wys\u0142uchania wyg\u0142aszanych w ramach niej referat\u00f3w. Byliby\u015bmy niezmiernie wdzi\u0119czni za poinformowanie os\u00f3b studiuj\u0105cych z Pa\u0144stwa o\u015brodk\u00f3w naukowych o wydarzeniu, poniewa\u017c jest to dla nich wyj\u0105tkowa okazja do poszerzenia wiedzy i poznania nowych perspektyw w socjologii oraz pokrewnych naukach.<\/p>\n\n\n\n<p>Wszystkie bie\u017c\u0105ce informacje dotycz\u0105ce wydarzenia zamieszczamy na stronie internetowej Kongresu M\u0142odej Socjologii oraz na portalu Facebook.<\/p>\n\n\n\n<p>Wydarzenie na Facebooku:&nbsp;<a href=\"https:\/\/facebook.com\/events\/s\/13-kongres-m%C5%82odej-socjologii-1\/1354292702116755\/\" target=\"_blank\" rel=\"noreferrer noopener\">https:\/\/facebook.com\/events\/s\/13-kongres-m\u0142odej-socjologii-1\/1354292702116755\/<\/a><\/p>\n\n\n\n<p>Facebook 13. KMS:&nbsp;<a href=\"https:\/\/www.facebook.com\/13KongresMlodejSocjologii\" target=\"_blank\" rel=\"noreferrer noopener\">https:\/\/www.facebook.com\/13KongresMlodejSocjologii<\/a><\/p>\n\n\n\n<p>Strona internetowa:&nbsp;<a href=\"https:\/\/kms.confer.uj.edu.pl\/\" target=\"_blank\" rel=\"noreferrer noopener\">https:\/\/kms.confer.uj.edu.pl\/<\/a><\/p>\n\n\n\n<p>W razie jakichkolwiek pyta\u0144 prosimy o kontakt pod adresem e-mailowym:&nbsp;<a href=\"mailto:kms@uj.edu.pl\" target=\"_blank\" rel=\"noreferrer noopener\">kms@uj.edu.pl<\/a><\/p>\n\n\n\n<p>Z powa\u017caniem<\/p>\n\n\n\n<p>Komitet Organizacyjny 13. Kongresu M\u0142odej Socjologii<\/p>\n\n\n\n<div class=\"wp-block-file\"><object class=\"wp-block-file__embed\" data=\"https:\/\/pts.org.pl\/wp-content\/uploads\/2024\/01\/Call-for-Papers-PL.pdf\" type=\"application\/pdf\" style=\"width:100%;height:600px\" aria-label=\"Osadzone z Call-for-Papers-PL.\"><\/object><a href=\"https:\/\/pts.org.pl\/wp-content\/uploads\/2024\/01\/Call-for-Papers-PL.pdf\">Call-for-Papers-PL<\/a><a href=\"https:\/\/pts.org.pl\/wp-content\/uploads\/2024\/01\/Call-for-Papers-PL.pdf\" class=\"wp-block-file__button\" download>Pobierz<\/a><\/div>\n\n\n\n<div class=\"wp-block-file\"><object class=\"wp-block-file__embed\" data=\"https:\/\/pts.org.pl\/wp-content\/uploads\/2024\/01\/KMS-informacja.pdf\" type=\"application\/pdf\" style=\"width:100%;height:600px\" aria-label=\"Osadzone z KMS-informacja.\"><\/object><a href=\"https:\/\/pts.org.pl\/wp-content\/uploads\/2024\/01\/KMS-informacja.pdf\">KMS-informacja<\/a><a href=\"https:\/\/pts.org.pl\/wp-content\/uploads\/2024\/01\/KMS-informacja.pdf\" class=\"wp-block-file__button\" download>Pobierz<\/a><\/div>\n","protected":false},"excerpt":{"rendered":"<p>Szanowni Pa\u0144stwo, po pi\u0119ciu latach przerwy Kongres M\u0142odej Socjologii powraca w formie stacjonarnej! Najwi\u0119ksza i najwa\u017cniejsza w Polsce studencka konferencja naukowa, daj\u0105ca przestrze\u0144 m\u0142odym osobom badaj\u0105cym spo\u0142ecze\u0144stwo do pochwalenia si\u0119 swoimi dzia\u0142aniami naukowymi, odb\u0119dzie si\u0119 w tym roku po raz trzynasty w historii. Kongres M\u0142odej Socjologii jest wydarzeniem organizowanym przez Ko\u0142o Naukowe Socjologii Uniwersytetu Jagiello\u0144skiego [&hellip;]<\/p>\n","protected":false},"author":11,"featured_media":0,"comment_status":"open","ping_status":"open","sticky":false,"template":"","format":"standard","meta":[],"categories":[],"tags":[],"_links":{"self":[{"href":"https:\/\/pts.org.pl\/en\/wp-json\/wp\/v2\/posts\/6954"}],"collection":[{"href":"https:\/\/pts.org.pl\/en\/wp-json\/wp\/v2\/posts"}],"about":[{"href":"https:\/\/pts.org.pl\/en\/wp-json\/wp\/v2\/types\/post"}],"author":[{"embeddable":true,"href":"https:\/\/pts.org.pl\/en\/wp-json\/wp\/v2\/users\/11"}],"replies":[{"embeddable":true,"href":"https:\/\/pts.org.pl\/en\/wp-json\/wp\/v2\/comments?post=6954"}],"version-history":[{"count":1,"href":"https:\/\/pts.org.pl\/en\/wp-json\/wp\/v2\/posts\/6954\/revisions"}],"predecessor-version":[{"id":6957,"href":"https:\/\/pts.org.pl\/en\/wp-json\/wp\/v2\/posts\/6954\/revisions\/6957"}],"wp:attachment":[{"href":"https:\/\/pts.org.pl\/en\/wp-json\/wp\/v2\/media?parent=6954"}],"wp:term":[{"taxonomy":"category","embeddable":true,"href":"https:\/\/pts.org.pl\/en\/wp-json\/wp\/v2\/categories?post=6954"},{"taxonomy":"post_tag","embeddable":true,"href":"https:\/\/pts.org.pl\/en\/wp-json\/wp\/v2\/tags?post=6954"}],"curies":[{"name":"wp","href":"https:\/\/api.w.org\/{rel}","templated":true}]}}