{"id":6952,"date":"2024-01-15T10:11:00","date_gmt":"2024-01-15T10:11:00","guid":{"rendered":"https:\/\/pts.org.pl\/?p=6952"},"modified":"2024-01-16T12:13:14","modified_gmt":"2024-01-16T12:13:14","slug":"zaproszenie-na-spotkanie-wokol-ksiazki-grzegorza-forysia-i-krzysztofa-gorlacha-rozwoj-jako-ruch-spoleczny","status":"publish","type":"post","link":"https:\/\/pts.org.pl\/en\/zaproszenie-na-spotkanie-wokol-ksiazki-grzegorza-forysia-i-krzysztofa-gorlacha-rozwoj-jako-ruch-spoleczny\/","title":{"rendered":"Zaproszenie na spotkanie wok\u00f3\u0142 ksi\u0105\u017cki Grzegorza Forysia i Krzysztofa Gorlacha: Rozw\u00f3j jako ruch spo\u0142eczny"},"content":{"rendered":"<div class=\"fcbkbttn_buttons_block\" id=\"fcbkbttn_left\"><div class=\"fcbkbttn_button\">\n                            <a href=\"https:\/\/www.facebook.com\/\" target=\"_blank\">\n                                <img src=\"https:\/\/pts.org.pl\/wp-content\/plugins\/facebook-button-plugin\/images\/standard-facebook-ico.png\" alt=\"Fb-Button\" \/>\n                            <\/a>\n                        <\/div><div class=\"fcbkbttn_like \"><fb:like href=\"https:\/\/pts.org.pl\/en\/zaproszenie-na-spotkanie-wokol-ksiazki-grzegorza-forysia-i-krzysztofa-gorlacha-rozwoj-jako-ruch-spoleczny\/\" action=\"like\" colorscheme=\"light\" layout=\"button_count\"  size=\"small\"><\/fb:like><\/div><\/div>\n<p>Szanowni Pa\u0144stwo,<\/p>\n\n\n\n<p><strong>Instytut Socjologii UJ i Oddzia\u0142 Krakowski Polskiego Towarzystwa Socjologicznego maj\u0105 przyjemno\u015b\u0107 zaprosi\u0107 Pa\u0144stwa na pierwsze w nowym roku kalendarzowym spotkanie w ramach cyklu Socjologia w Centrum:&nbsp;<\/strong><strong>&#8220;Wok\u00f3\u0142 ksi\u0105\u017cki Grzegorza Forysia i Krzysztofa Gorlacha:&nbsp;<em>Rozw\u00f3j jako ruch spo\u0142eczny. Wyk\u0142ady o ruchach spo\u0142ecznych i rozwoju zr\u00f3wnowa\u017conym<\/em>&#8220;<\/strong><\/p>\n\n\n\n<p><em>W jaki spos\u00f3b mo\u017cna rozumie\u0107 poj\u0119cia rozwoju i ruchu spo\u0142ecznego? Co ma w nich wymiar indywidualny, jednostkowy, a co definiowane jest jako relacyjne i spo\u0142eczne? Co decyduje o dynamice przemian spo\u0142ecznych w czasach globalizacji? W jaki warunkach rozw\u00f3j staje si\u0119 zr\u00f3wnowa\u017cony i jak wp\u0142ywa to na kszta\u0142t spo\u0142ecze\u0144stwa? W jaki spos\u00f3b teorie ruch\u00f3w spo\u0142ecznych mog\u0105 by\u0107 przydatne do zrozumienia rozwoju zr\u00f3wnowa\u017conego i szerzej &#8211; spo\u0142ecznej dynamiki zmiany? Pytania te stan\u0105 si\u0119 podstaw\u0105 do dyskusji wok\u00f3\u0142 ksi\u0105\u017cki \u201eRozw\u00f3j jako ruch spo\u0142eczny. Wyk\u0142ady o ruchach spo\u0142ecznych i rozwoju zr\u00f3wnowa\u017conym\u201d<\/em>&nbsp;(Scholar, 2023).<\/p>\n\n\n\n<p>Podczas debaty b\u0119dziemy rozmawia\u0107 z Autorami ksi\u0105\u017cki&nbsp;<em>Rozw\u00f3j jako ruch spo\u0142eczny<\/em>:&nbsp;<strong>dr. hab. Grzegorzem Forysiem, prof. UKEN<\/strong>&nbsp;(Uniwersytet UKEN) oraz&nbsp;<strong>prof. dr. hab. Krzysztofem Gorlachem<\/strong>&nbsp;(Uniwersytet Jagiello\u0144ski, profesor emeritus), a tak\u017ce z zaproszonymi w roli dyskutant\u00f3w go\u015b\u0107mi:&nbsp;<strong>dr hab. Magdalen\u0105 Miko\u0142ajczyk<\/strong>&nbsp;(Uniwersytet Wroc\u0142awski) i&nbsp;<strong>dr. hab. Piotrem Nowakiem, prof. UJ&nbsp;<\/strong>(Uniwersytet Jagiello\u0144ski).<\/p>\n\n\n\n<p><strong>Grzegorz Fory\u015b<\/strong>&nbsp;\u2013 socjolog, politolog, doktor habilitowany nauk spo\u0142ecznych, profesor w Instytucie Filozofii i Socjologii Uniwersytetu Pedagogicznego w Krakowie. Autor wielu publikacji i projekt\u00f3w grantowych z zakresu socjologii zmiany spo\u0142ecznej, socjologii polityki, socjologii ruch\u00f3w spo\u0142ecznych i socjologii wsi. Opublikowa\u0142&nbsp;m.in. monografie: \u201eDynamika sporu: protesty rolnik\u00f3w w III Rzeczpospolitej\u201d (2008) oraz \u201eGospodarstwa i stowarzyszenia agroturystyczne w Polsce: w poszukiwaniu ruchu spo\u0142ecznego\u201d (2016).<\/p>\n\n\n\n<p><strong>Krzysztof Gorlach&nbsp;<\/strong>\u2013 profesor socjologii, wieloletni pracownik Instytutu Socjologii Uniwersytetu Jagiello\u0144skiego. Jego zainteresowania naukowe skupiaj\u0105 si\u0119 wok\u00f3\u0142 problematyki socjologii wsi i rolnictwa, a tak\u017ce dotycz\u0105 socjologii polityki i ruch\u00f3w spo\u0142ecznych. Jest autorem i wsp\u00f3\u0142autorem ponad stu publikacji,&nbsp;m.in. monografii \u201eSocjologia polska wobec kwestii ch\u0142opskiej\u201d (1990), \u201e\u015awiat na progu domu: rodzinne gospodarstwa rolne w Polsce w obliczu globalizacji\u201d (2001), \u201eSocjologia obszar\u00f3w wiejskich. Problemy i perspektywy\u201d (2004). Cz\u0142onek zespo\u0142\u00f3w i rad redakcyjnych wielu czasopism naukowych,&nbsp;m.in. \u201eStudi\u00f3w Socjologicznych\u201d, \u201eRural Sociology\u201d czy \u201eSociologia Ruralis\u201d. Wieloletni prezes Krakowskiego Oddzia\u0142u Polskiego Towarzystwa Socjologicznego.<\/p>\n\n\n\n<p><strong>Magdalena Miko\u0142ajczyk<\/strong>&nbsp;\u2013 absolwentka nauk politycznych i socjologii Uniwersytetu Jagiello\u0144skiego. Aktualnie kieruje Zak\u0142adem Teorii Polityki w Instytucie Politologii na Uniwersytecie Wroc\u0142awskim. Zajmuje si\u0119 teori\u0105 polityki, polityk\u0105 protestu, funkcjami opozycji politycznej w systemach demokratycznych i niedemokratycznych. Bada dyskurs polityczny z uwzgl\u0119dnieniem jego wizualnych aspekt\u00f3w. Prowadzi edukacj\u0119 obywatelsk\u0105 w r\u00f3\u017cnych formach, np. jako ekspert w audycjach &#8220;Radia Krak\u00f3w&#8221;. Pe\u0142ni funkcj\u0119 wiceprezeski krakowskiego oddzia\u0142u PTNP.<\/p>\n\n\n\n<p><strong>Piotr Nowak<\/strong>&nbsp;\u2013 socjolog, kierownik Pracowni Socjologii Struktur Spo\u0142ecznych w Instytucie Socjologii UJ. Jego zainteresowania badawcze koncentruj\u0105 si\u0119 wok\u00f3\u0142 problematyki rozwoju obszar\u00f3w wiejskich. W swoich badaniach zajmowa\u0142 si\u0119 mi\u0119dzy innymi: czynnikami rozwoju lokalnego, kondycj\u0105 ruchu sp\u00f3\u0142dzielczego na polskiej wsi, doradztwem rolniczym, turystyk\u0105 wiejsk\u0105, strategiami zarz\u0105dzania gospodarstwami rolniczymi, bezpiecze\u0144stwem \u017cywno\u015bciowym, funkcjonowaniem Lokalnych Grup Dzia\u0142ania oraz rolnictwem spo\u0142ecznym.<\/p>\n\n\n\n<p><strong>Spotkanie odb\u0119dzie si\u0119 18 stycznia 2024 r.&nbsp;(czwartek) o godz. 14.00 w Instytucie Socjologii UJ w Sali Kominkowej \u2013 Czytelni Biblioteki IS UJ.<\/strong><\/p>\n\n\n\n<p><a href=\"https:\/\/www.facebook.com\/events\/902248021184977\/\">https:\/\/www.facebook.com\/events\/902248021184977\/<\/a><\/p>\n\n\n\n<p>ZAPRASZAMY!<br>&nbsp;<\/p>\n\n\n\n<p>Zarz\u0105d Oddzia\u0142u Krakowskiego<\/p>\n\n\n\n<p>Polskiego Towarzystwa Socjologicznego<\/p>\n","protected":false},"excerpt":{"rendered":"<p>Szanowni Pa\u0144stwo, Instytut Socjologii UJ i Oddzia\u0142 Krakowski Polskiego Towarzystwa Socjologicznego maj\u0105 przyjemno\u015b\u0107 zaprosi\u0107 Pa\u0144stwa na pierwsze w nowym roku kalendarzowym spotkanie w ramach cyklu Socjologia w Centrum:&nbsp;&#8220;Wok\u00f3\u0142 ksi\u0105\u017cki Grzegorza Forysia i Krzysztofa Gorlacha:&nbsp;Rozw\u00f3j jako ruch spo\u0142eczny. Wyk\u0142ady o ruchach spo\u0142ecznych i rozwoju zr\u00f3wnowa\u017conym&#8220; W jaki spos\u00f3b mo\u017cna rozumie\u0107 poj\u0119cia rozwoju i ruchu spo\u0142ecznego? Co [&hellip;]<\/p>\n","protected":false},"author":11,"featured_media":0,"comment_status":"open","ping_status":"open","sticky":false,"template":"","format":"standard","meta":[],"categories":[],"tags":[],"_links":{"self":[{"href":"https:\/\/pts.org.pl\/en\/wp-json\/wp\/v2\/posts\/6952"}],"collection":[{"href":"https:\/\/pts.org.pl\/en\/wp-json\/wp\/v2\/posts"}],"about":[{"href":"https:\/\/pts.org.pl\/en\/wp-json\/wp\/v2\/types\/post"}],"author":[{"embeddable":true,"href":"https:\/\/pts.org.pl\/en\/wp-json\/wp\/v2\/users\/11"}],"replies":[{"embeddable":true,"href":"https:\/\/pts.org.pl\/en\/wp-json\/wp\/v2\/comments?post=6952"}],"version-history":[{"count":1,"href":"https:\/\/pts.org.pl\/en\/wp-json\/wp\/v2\/posts\/6952\/revisions"}],"predecessor-version":[{"id":6953,"href":"https:\/\/pts.org.pl\/en\/wp-json\/wp\/v2\/posts\/6952\/revisions\/6953"}],"wp:attachment":[{"href":"https:\/\/pts.org.pl\/en\/wp-json\/wp\/v2\/media?parent=6952"}],"wp:term":[{"taxonomy":"category","embeddable":true,"href":"https:\/\/pts.org.pl\/en\/wp-json\/wp\/v2\/categories?post=6952"},{"taxonomy":"post_tag","embeddable":true,"href":"https:\/\/pts.org.pl\/en\/wp-json\/wp\/v2\/tags?post=6952"}],"curies":[{"name":"wp","href":"https:\/\/api.w.org\/{rel}","templated":true}]}}