{"id":6950,"date":"2024-01-16T12:01:43","date_gmt":"2024-01-16T12:01:43","guid":{"rendered":"https:\/\/pts.org.pl\/?p=6950"},"modified":"2024-01-16T12:01:45","modified_gmt":"2024-01-16T12:01:45","slug":"seminarium-on-line-wyniki-konkursu-na-pamietniki-poznan-2021-sekcja-socjologii-miasta-pts","status":"publish","type":"post","link":"https:\/\/pts.org.pl\/en\/seminarium-on-line-wyniki-konkursu-na-pamietniki-poznan-2021-sekcja-socjologii-miasta-pts\/","title":{"rendered":"Seminarium on-line Wyniki konkursu na pami\u0119tniki: Pozna\u0144 2021, Sekcja Socjologii Miasta PTS"},"content":{"rendered":"<div class=\"fcbkbttn_buttons_block\" id=\"fcbkbttn_left\"><div class=\"fcbkbttn_button\">\n                            <a href=\"https:\/\/www.facebook.com\/\" target=\"_blank\">\n                                <img src=\"https:\/\/pts.org.pl\/wp-content\/plugins\/facebook-button-plugin\/images\/standard-facebook-ico.png\" alt=\"Fb-Button\" \/>\n                            <\/a>\n                        <\/div><div class=\"fcbkbttn_like \"><fb:like href=\"https:\/\/pts.org.pl\/en\/seminarium-on-line-wyniki-konkursu-na-pamietniki-poznan-2021-sekcja-socjologii-miasta-pts\/\" action=\"like\" colorscheme=\"light\" layout=\"button_count\"  size=\"small\"><\/fb:like><\/div><\/div>\n<p>Seminarium on-line \u00a0<strong>Wyniki konkursu na pami\u0119tniki: Pozna\u0144 2021 \u2013 to\u017csamo\u015b\u0107 miasta, czyli co?\u00a025 stycznia 2024, godzina 18:00<\/strong>, platforma on-line\u00a0<strong>Udzia\u0142<\/strong>:\u00a0Krzysztof Podemski (prof. UAM)\u00a0Jacek Kubera (dr UAM)\u00a0Maciej Fr\u0105ckowiak (dr UAM)\u00a0<strong>Moderuje:<\/strong>\u00a0Marek Nowak (prof. UAM)\u00a0 \u00a0Konkursy na pami\u0119tniki wykorzystywane przez socjolog\u00f3w sta\u0142y si\u0119 tradycj\u0105 bada\u0144 wi\u0105zanych z Poznaniem. Ich geneza si\u0119ga 1928 roku i pocz\u0105tk\u00f3w o\u015brodka socjologicznego wi\u0105zanego z Florianem Znanieckim. \u00d3wczesne przes\u0142anki badania zwi\u0105zane by\u0142y nie tylko z krytyk\u0105 Znanieckiego bada\u0144 sonda\u017cowych (kt\u00f3re do tego by\u0142y drogie i wymagaj\u0105ce profesjonalnych zasob\u00f3w kadrowych), ale r\u00f3wnie\u017c s\u0142abo\u015bci\u0105 dost\u0119pu do danych pozwalaj\u0105cych na socjologiczne analizy. Dzisiaj sytuacja jest zdecydowanie odmienna: dysponujemy danymi, rzadziej decydujemy si\u0119 jednak na ich wytwarzanie. Ewoluuj\u0105 r\u00f3wnie\u017c cele stawiane badaczom pos\u0142uguj\u0105cym si\u0119 klasycznymi dla socjologii technikami. Rzadziej stawiamy badaczom og\u00f3lne pytania, dotycz\u0105ce sytuacji typowych, wielkich agregat\u00f3w spo\u0142ecznych (jak to: czym jest dla ciebie miasto Pozna\u0144), cz\u0119\u015bciej interesuje nas podmiot, perspektywa szczeg\u00f3lna, jednostkowa. \u00a0<\/p>\n\n\n\n<p>Seminarium po\u015bwi\u0119cone b\u0119dzie po cz\u0119\u015bci zagadnieniu teoretycznemu, jakim jest poj\u0119cie to\u017csamo\u015bci miasta, po cz\u0119\u015bci za\u015b odpowiedziom, jakie przynios\u0142a konkretna, ostatnia edycja badania. A zatem: \u00a0<\/p>\n\n\n\n<ol><li>co wiemy o Poznaniakach na podstawie konkursu na pami\u0119tniki?;&nbsp;<\/li><li>Co wiemy o Poznaniu na podstawie badania?;&nbsp;<\/li><li>Co wyniki ostatniej edycji wnosz\u0105 do wiedzy socjolog\u00f3w miasta, na tle wynik\u00f3w wcze\u015bniejszych edycji i w szczeg\u00f3lno\u015bci edycji z lat 90. XX w.? &nbsp;<\/li><\/ol>\n\n\n\n<p>Seminarium poprzedzone zostanie 20 minutowym wprowadzeniem dotycz\u0105cym metodologii konkurs\u00f3w na pami\u0119tniki, ich historii i specyfice pozyskiwanych danych.\u00a0 \u00a0<\/p>\n\n\n\n<p><strong>Dane do logowania na platformie on-line prze\u015blemy w osobnej informacji przypominaj\u0105cej z kilkudniowym wyprzedzeniem.\u00a0 \u00a0<\/strong><\/p>\n\n\n\n<p>Organizatorzy: \u00a0<\/p>\n\n\n\n<p>Sekcja Socjologii Miasta PTS\u00a0<\/p>\n\n\n\n<p>Oddzia\u0142 Pozna\u0144ski PTS\u00a0<\/p>\n","protected":false},"excerpt":{"rendered":"<p>Seminarium on-line \u00a0Wyniki konkursu na pami\u0119tniki: Pozna\u0144 2021 \u2013 to\u017csamo\u015b\u0107 miasta, czyli co?\u00a025 stycznia 2024, godzina 18:00, platforma on-line\u00a0Udzia\u0142:\u00a0Krzysztof Podemski (prof. UAM)\u00a0Jacek Kubera (dr UAM)\u00a0Maciej Fr\u0105ckowiak (dr UAM)\u00a0Moderuje:\u00a0Marek Nowak (prof. UAM)\u00a0 \u00a0Konkursy na pami\u0119tniki wykorzystywane przez socjolog\u00f3w sta\u0142y si\u0119 tradycj\u0105 bada\u0144 wi\u0105zanych z Poznaniem. Ich geneza si\u0119ga 1928 roku i pocz\u0105tk\u00f3w o\u015brodka socjologicznego wi\u0105zanego z [&hellip;]<\/p>\n","protected":false},"author":11,"featured_media":0,"comment_status":"open","ping_status":"open","sticky":false,"template":"","format":"standard","meta":[],"categories":[],"tags":[],"_links":{"self":[{"href":"https:\/\/pts.org.pl\/en\/wp-json\/wp\/v2\/posts\/6950"}],"collection":[{"href":"https:\/\/pts.org.pl\/en\/wp-json\/wp\/v2\/posts"}],"about":[{"href":"https:\/\/pts.org.pl\/en\/wp-json\/wp\/v2\/types\/post"}],"author":[{"embeddable":true,"href":"https:\/\/pts.org.pl\/en\/wp-json\/wp\/v2\/users\/11"}],"replies":[{"embeddable":true,"href":"https:\/\/pts.org.pl\/en\/wp-json\/wp\/v2\/comments?post=6950"}],"version-history":[{"count":1,"href":"https:\/\/pts.org.pl\/en\/wp-json\/wp\/v2\/posts\/6950\/revisions"}],"predecessor-version":[{"id":6951,"href":"https:\/\/pts.org.pl\/en\/wp-json\/wp\/v2\/posts\/6950\/revisions\/6951"}],"wp:attachment":[{"href":"https:\/\/pts.org.pl\/en\/wp-json\/wp\/v2\/media?parent=6950"}],"wp:term":[{"taxonomy":"category","embeddable":true,"href":"https:\/\/pts.org.pl\/en\/wp-json\/wp\/v2\/categories?post=6950"},{"taxonomy":"post_tag","embeddable":true,"href":"https:\/\/pts.org.pl\/en\/wp-json\/wp\/v2\/tags?post=6950"}],"curies":[{"name":"wp","href":"https:\/\/api.w.org\/{rel}","templated":true}]}}