{"id":6947,"date":"2024-01-16T11:50:35","date_gmt":"2024-01-16T11:50:35","guid":{"rendered":"https:\/\/pts.org.pl\/?p=6947"},"modified":"2024-01-16T11:50:37","modified_gmt":"2024-01-16T11:50:37","slug":"zaproszenie-na-wydarzenie-sekcji-sjisi-do-lodzi","status":"publish","type":"post","link":"https:\/\/pts.org.pl\/en\/zaproszenie-na-wydarzenie-sekcji-sjisi-do-lodzi\/","title":{"rendered":"Zaproszenie na wydarzenie Sekcji SJiSI do \u0141odzi"},"content":{"rendered":"<div class=\"fcbkbttn_buttons_block\" id=\"fcbkbttn_left\"><div class=\"fcbkbttn_button\">\n                            <a href=\"https:\/\/www.facebook.com\/\" target=\"_blank\">\n                                <img src=\"https:\/\/pts.org.pl\/wp-content\/plugins\/facebook-button-plugin\/images\/standard-facebook-ico.png\" alt=\"Fb-Button\" \/>\n                            <\/a>\n                        <\/div><div class=\"fcbkbttn_like \"><fb:like href=\"https:\/\/pts.org.pl\/en\/zaproszenie-na-wydarzenie-sekcji-sjisi-do-lodzi\/\" action=\"like\" colorscheme=\"light\" layout=\"button_count\"  size=\"small\"><\/fb:like><\/div><\/div>\n<p>ZAPRASZAMY NA SPOTKANIE NAUKOWE Sekcji Socjologii Jako\u015bciowej i Symbolicznego Interakcjonizmu PTS pt.\u00a0<strong>\u201eCzym jest dla Ciebie\u00a0miasto Pozna\u0144?\u201d O pracy nad czwart\u0105 edycj\u0105 konkursu na pami\u0119tniki o mie\u015bcie<\/strong>\u00a0\u2026opowiedz\u0105 badacze z Uniwersytetu im. Adama Mickiewicza w Poznaniu &#8211;\u00a0<strong>Maciej Fr\u0105ckowiak, Jacek Kubera i Marek Zi\u00f3\u0142kowski<\/strong>.<\/p>\n\n\n\n<p>Zapraszamy\u00a0<strong>23 stycznia 2024, godz. 17.00\u00a0<\/strong>na Wydzia\u0142 Ekonomiczno-Socjologiczny Uniwersytetu \u0141\u00f3dzkiego,\u00a0ul. Rewolucji\u00a01905 r.\u00a041\/43,\u00a0<strong>sala C02\u00a0<\/strong>(dawna sto\u0142\u00f3wka profesorska)<\/p>\n\n\n\n<p>Oraz\u00a0na platformie Teams:\u00a0<a rel=\"noreferrer noopener\" href=\"https:\/\/teams.microsoft.com\/l\/meetup-join\/19%3a4JjqwA-5xo26MjybXOXgyV5DqwHs-juFVnCQk_D3-vA1%40thread.tacv2\/1705081441820?context=%7b%22Tid%22%3a%2263441aef-da0e-4397-bb7e-f9d4705e963b%22%2c%22Oid%22%3a%22311ef74c-4f1a-4e18-b867-65ca633caa09%22%7d\" target=\"_blank\">https:\/\/teams.microsoft.com\/l\/meetup-join\/19%3a4JjqwA-5xo26MjybXOXgyV5DqwHs-juFVnCQk_D3-vA1%40thread.tacv2\/1705081441820?context=%7b%22Tid%22%3a%2263441aef-da0e-4397-bb7e-f9d4705e963b%22%2c%22Oid%22%3a%22311ef74c-4f1a-4e18-b867-65ca633caa09%22%7d<\/a>\u00a0Link do wydarzenia na FB\u00a0<a rel=\"noreferrer noopener\" href=\"https:\/\/www.facebook.com\/events\/760145016047554\/?ref=newsfeed\" target=\"_blank\">https:\/\/www.facebook.com\/events\/760145016047554\/?ref=newsfeed<\/a>\u00a0<\/p>\n\n\n\n<p>pozdrawiam serdecznie<\/p>\n\n\n\n<p>Anna Kacperczyk<\/p>\n\n\n\n<p>Przewodnicz\u0105ca Sekcji SJiSI<\/p>\n\n\n\n<div class=\"wp-block-file\"><object class=\"wp-block-file__embed\" data=\"https:\/\/pts.org.pl\/wp-content\/uploads\/2024\/01\/zaproszenie-24-01-2024-SSJiSI__Poznan.pdf\" type=\"application\/pdf\" style=\"width:100%;height:600px\" aria-label=\"Osadzone z zaproszenie (24-01-2024) SSJiSI__Pozna\u0144.\"><\/object><a href=\"https:\/\/pts.org.pl\/wp-content\/uploads\/2024\/01\/zaproszenie-24-01-2024-SSJiSI__Poznan.pdf\">zaproszenie (24-01-2024) SSJiSI__Pozna\u0144<\/a><a href=\"https:\/\/pts.org.pl\/wp-content\/uploads\/2024\/01\/zaproszenie-24-01-2024-SSJiSI__Poznan.pdf\" class=\"wp-block-file__button\" download>Pobierz<\/a><\/div>\n","protected":false},"excerpt":{"rendered":"<p>ZAPRASZAMY NA SPOTKANIE NAUKOWE Sekcji Socjologii Jako\u015bciowej i Symbolicznego Interakcjonizmu PTS pt.\u00a0\u201eCzym jest dla Ciebie\u00a0miasto Pozna\u0144?\u201d O pracy nad czwart\u0105 edycj\u0105 konkursu na pami\u0119tniki o mie\u015bcie\u00a0\u2026opowiedz\u0105 badacze z Uniwersytetu im. Adama Mickiewicza w Poznaniu &#8211;\u00a0Maciej Fr\u0105ckowiak, Jacek Kubera i Marek Zi\u00f3\u0142kowski. Zapraszamy\u00a023 stycznia 2024, godz. 17.00\u00a0na Wydzia\u0142 Ekonomiczno-Socjologiczny Uniwersytetu \u0141\u00f3dzkiego,\u00a0ul. Rewolucji\u00a01905 r.\u00a041\/43,\u00a0sala C02\u00a0(dawna sto\u0142\u00f3wka profesorska) [&hellip;]<\/p>\n","protected":false},"author":11,"featured_media":0,"comment_status":"open","ping_status":"open","sticky":false,"template":"","format":"standard","meta":[],"categories":[],"tags":[],"_links":{"self":[{"href":"https:\/\/pts.org.pl\/en\/wp-json\/wp\/v2\/posts\/6947"}],"collection":[{"href":"https:\/\/pts.org.pl\/en\/wp-json\/wp\/v2\/posts"}],"about":[{"href":"https:\/\/pts.org.pl\/en\/wp-json\/wp\/v2\/types\/post"}],"author":[{"embeddable":true,"href":"https:\/\/pts.org.pl\/en\/wp-json\/wp\/v2\/users\/11"}],"replies":[{"embeddable":true,"href":"https:\/\/pts.org.pl\/en\/wp-json\/wp\/v2\/comments?post=6947"}],"version-history":[{"count":1,"href":"https:\/\/pts.org.pl\/en\/wp-json\/wp\/v2\/posts\/6947\/revisions"}],"predecessor-version":[{"id":6949,"href":"https:\/\/pts.org.pl\/en\/wp-json\/wp\/v2\/posts\/6947\/revisions\/6949"}],"wp:attachment":[{"href":"https:\/\/pts.org.pl\/en\/wp-json\/wp\/v2\/media?parent=6947"}],"wp:term":[{"taxonomy":"category","embeddable":true,"href":"https:\/\/pts.org.pl\/en\/wp-json\/wp\/v2\/categories?post=6947"},{"taxonomy":"post_tag","embeddable":true,"href":"https:\/\/pts.org.pl\/en\/wp-json\/wp\/v2\/tags?post=6947"}],"curies":[{"name":"wp","href":"https:\/\/api.w.org\/{rel}","templated":true}]}}